{"id":14996,"global_id":"pfarrei-carl-lampert.de?id=14996","global_id_lineage":["pfarrei-carl-lampert.de?id=14996"],"author":"3","status":"publish","date":"2025-12-09 18:58:38","date_utc":"2025-12-09 17:58:38","modified":"2025-12-26 15:53:36","modified_utc":"2025-12-26 14:53:36","url":"https:\/\/pfarrei-carl-lampert.de\/?tribe_events=und-was-glaubst-du-glaubensabend-2-2-2","rest_url":"https:\/\/pfarrei-carl-lampert.de\/index.php?rest_route=\/tribe\/events\/v1\/events\/14996","title":"\u201eUnd was glaubst du?\u201c &#8211; Glaubensabend","description":"<p><span style=\"color: #000000;\">\u201eUnd was glaubst du?\u201c<\/span><\/p>\n<p><span style=\"color: #000000;\">Unter dieser Fragestellung soll es zwischen Januar und Juni <strong>sechs Glaubensabende<\/strong> geben;<br \/>\nmit Imbiss und Impuls, Gespr\u00e4chen und Zeit f\u00fcr Fragen, die das Leben bewegen, egal wo man im Glauben steht. <\/span><\/p>\n<p><span style=\"color: #000000;\">Dieser f\u00fcnfte Abend findet in der G\u00fctchenstra\u00dfe statt.<br \/>\nDas Ende ist f\u00fcr ca. 21 Uhr geplant.<\/span><\/p>\n<p><span style=\"color: #000000;\">Der letzte Termine ist der 08.06. um 19 Uhr in der G\u00fctchenstra\u00dfe. <\/span><\/p>\n<p><span style=\"color: #000000;\">Die Teilnahme an allen Terminen muss nicht gegeben sein.<br \/>\nBei Fragen wenden Sie sich an Michael Weber oder Elisabeth Wanka. <\/span><\/p>\n<p><span style=\"color: #000000;\">Alle Interessierten und Neugierigen sind herzlich eingeladen!<\/span><\/p>","excerpt":"","slug":"und-was-glaubst-du-glaubensabend-2-2-2","image":{"url":"https:\/\/pfarrei-carl-lampert.de\/wp-content\/uploads\/2025\/12\/was-glaubst-du.png","id":"15024","extension":"png","width":922,"height":786,"sizes":{"thumbnail":{"width":150,"height":150,"mime-type":"image\/png","url":"https:\/\/pfarrei-carl-lampert.de\/wp-content\/uploads\/2025\/12\/was-glaubst-du-150x150.png"},"medium":{"width":300,"height":256,"mime-type":"image\/png","url":"https:\/\/pfarrei-carl-lampert.de\/wp-content\/uploads\/2025\/12\/was-glaubst-du-300x256.png"},"medium_large":{"width":768,"height":655,"mime-type":"image\/png","url":"https:\/\/pfarrei-carl-lampert.de\/wp-content\/uploads\/2025\/12\/was-glaubst-du-768x655.png"},"tabs-img":{"width":164,"height":124,"mime-type":"image\/png","url":"https:\/\/pfarrei-carl-lampert.de\/wp-content\/uploads\/2025\/12\/was-glaubst-du-164x124.png"},"blog3_thumb":{"width":420,"height":280,"mime-type":"image\/png","url":"https:\/\/pfarrei-carl-lampert.de\/wp-content\/uploads\/2025\/12\/was-glaubst-du-420x280.png"},"blog2_thumb":{"width":420,"height":330,"mime-type":"image\/png","url":"https:\/\/pfarrei-carl-lampert.de\/wp-content\/uploads\/2025\/12\/was-glaubst-du-420x330.png"},"square":{"width":460,"height":460,"mime-type":"image\/png","url":"https:\/\/pfarrei-carl-lampert.de\/wp-content\/uploads\/2025\/12\/was-glaubst-du-460x460.png"},"sermons-grid":{"width":518,"height":294,"mime-type":"image\/png","url":"https:\/\/pfarrei-carl-lampert.de\/wp-content\/uploads\/2025\/12\/was-glaubst-du-518x294.png"},"post_img":{"width":670,"height":374,"mime-type":"image\/png","url":"https:\/\/pfarrei-carl-lampert.de\/wp-content\/uploads\/2025\/12\/was-glaubst-du-670x374.png"},"latest-cover":{"width":690,"height":460,"mime-type":"image\/png","url":"https:\/\/pfarrei-carl-lampert.de\/wp-content\/uploads\/2025\/12\/was-glaubst-du-690x460.png"},"latestfromblog":{"width":720,"height":388,"mime-type":"image\/png","url":"https:\/\/pfarrei-carl-lampert.de\/wp-content\/uploads\/2025\/12\/was-glaubst-du-720x388.png"},"event_list":{"width":300,"height":200,"mime-type":"image\/png","url":"https:\/\/pfarrei-carl-lampert.de\/wp-content\/uploads\/2025\/12\/was-glaubst-du-300x200.png"}}},"all_day":false,"start_date":"2026-05-11 19:00:00","start_date_details":{"year":"2026","month":"05","day":"11","hour":"19","minutes":"00","seconds":"00"},"end_date":"2026-05-11 21:00:00","end_date_details":{"year":"2026","month":"05","day":"11","hour":"21","minutes":"00","seconds":"00"},"utc_start_date":"2026-05-11 17:00:00","utc_start_date_details":{"year":"2026","month":"05","day":"11","hour":"17","minutes":"00","seconds":"00"},"utc_end_date":"2026-05-11 19:00:00","utc_end_date_details":{"year":"2026","month":"05","day":"11","hour":"19","minutes":"00","seconds":"00"},"timezone":"Europe\/Berlin","timezone_abbr":"CEST","cost":"","cost_details":{"currency_symbol":"","currency_position":"prefix","values":[]},"website":"","show_map":false,"show_map_link":false,"hide_from_listings":false,"sticky":false,"featured":false,"categories":[],"tags":[],"venue":{"id":7807,"author":"2","status":"publish","date":"2016-02-29 22:54:05","date_utc":"2016-02-29 21:54:05","modified":"2025-04-19 12:32:25","modified_utc":"2025-04-19 10:32:25","url":"https:\/\/pfarrei-carl-lampert.de\/?tribe_venue=katholische-kirchengemeinde-heilig-kreuz","venue":"Heilig Kreuz","slug":"katholische-kirchengemeinde-heilig-kreuz","address":"G\u00fctchenstra\u00dfe 21","city":"Halle (Saale)","zip":"06108","phone":"0345\/2024321","website":"https:\/\/pfarrei-carl-lampert.de\/","json_ld":{"@type":"Place","name":"Heilig Kreuz","description":"","url":false,"address":{"@type":"PostalAddress","streetAddress":"G\u00fctchenstra\u00dfe 21","addressLocality":"Halle (Saale)","postalCode":"06108"},"telephone":"0345\/2024321","sameAs":"https:\/\/pfarrei-carl-lampert.de\/"},"show_map":false,"show_map_link":true,"global_id":"pfarrei-carl-lampert.de?id=7807","global_id_lineage":["pfarrei-carl-lampert.de?id=7807"]},"organizer":[],"json_ld":{"@context":"http:\/\/schema.org","@type":"Event","name":"\u201eUnd was glaubst du?\u201c &#8211; Glaubensabend","description":"&lt;p&gt;\u201eUnd was glaubst du?\u201c Unter dieser Fragestellung soll es zwischen Januar und Juni sechs Glaubensabende geben; mit Imbiss und Impuls, Gespr\u00e4chen und Zeit f\u00fcr Fragen, die das Leben bewegen, egal wo man im Glauben steht. Dieser f\u00fcnfte Abend findet in der G\u00fctchenstra\u00dfe statt. Das Ende ist f\u00fcr ca. 21 Uhr geplant. Der letzte Termine ist der 08.06. um 19 Uhr in der G\u00fctchenstra\u00dfe. Die Teilnahme an allen Terminen muss nicht gegeben sein. Bei Fragen wenden Sie sich an Michael Weber oder Elisabeth Wanka. Alle Interessierten und Neugierigen sind herzlich eingeladen!&lt;\/p&gt;\\n","image":"https:\/\/pfarrei-carl-lampert.de\/wp-content\/uploads\/2025\/12\/was-glaubst-du.png","url":"https:\/\/pfarrei-carl-lampert.de\/?tribe_events=und-was-glaubst-du-glaubensabend-2-2-2","startDate":"2026-05-11T19:00:00+02:00","endDate":"2026-05-11T21:00:00+02:00","location":{"@type":"Place","name":"Heilig Kreuz","description":"","url":false,"address":{"@type":"PostalAddress","streetAddress":"G\u00fctchenstra\u00dfe 21","addressLocality":"Halle (Saale)","postalCode":"06108"},"telephone":"0345\/2024321","sameAs":"https:\/\/pfarrei-carl-lampert.de\/"}}}