{"id":15122,"global_id":"pfarrei-carl-lampert.de?id=15122","global_id_lineage":["pfarrei-carl-lampert.de?id=15122"],"author":"3","status":"publish","date":"2026-02-11 10:30:10","date_utc":"2026-02-11 09:30:10","modified":"2026-02-11 10:31:56","modified_utc":"2026-02-11 09:31:56","url":"https:\/\/pfarrei-carl-lampert.de\/?tribe_events=oekumenisches-konzert","rest_url":"https:\/\/pfarrei-carl-lampert.de\/index.php?rest_route=\/tribe\/events\/v1\/events\/15122","title":"\u00d6kumenisches Konzert","description":"<p>Details folgen<\/p>","excerpt":"","slug":"oekumenisches-konzert","image":{"url":"https:\/\/pfarrei-carl-lampert.de\/wp-content\/uploads\/2018\/03\/Kirchenvorstand-1.jpg","id":"8973","extension":"jpg","width":400,"height":224,"sizes":{"thumbnail":{"width":150,"height":150,"mime-type":"image\/jpeg","url":"https:\/\/pfarrei-carl-lampert.de\/wp-content\/uploads\/2018\/03\/Kirchenvorstand-1-150x150.jpg"},"medium":{"width":300,"height":168,"mime-type":"image\/jpeg","url":"https:\/\/pfarrei-carl-lampert.de\/wp-content\/uploads\/2018\/03\/Kirchenvorstand-1-300x168.jpg"},"tabs-img":{"width":164,"height":124,"mime-type":"image\/jpeg","url":"https:\/\/pfarrei-carl-lampert.de\/wp-content\/uploads\/2018\/03\/Kirchenvorstand-1-164x124.jpg"},"event_list":{"width":300,"height":200,"mime-type":"image\/jpeg","url":"https:\/\/pfarrei-carl-lampert.de\/wp-content\/uploads\/2018\/03\/Kirchenvorstand-1-300x200.jpg"}}},"all_day":false,"start_date":"2026-11-22 16:00:00","start_date_details":{"year":"2026","month":"11","day":"22","hour":"16","minutes":"00","seconds":"00"},"end_date":"2026-11-22 17:00:00","end_date_details":{"year":"2026","month":"11","day":"22","hour":"17","minutes":"00","seconds":"00"},"utc_start_date":"2026-11-22 15:00:00","utc_start_date_details":{"year":"2026","month":"11","day":"22","hour":"15","minutes":"00","seconds":"00"},"utc_end_date":"2026-11-22 16:00:00","utc_end_date_details":{"year":"2026","month":"11","day":"22","hour":"16","minutes":"00","seconds":"00"},"timezone":"Europe\/Berlin","timezone_abbr":"CET","cost":"","cost_details":{"currency_symbol":"","currency_position":"prefix","values":[]},"website":"","show_map":false,"show_map_link":false,"hide_from_listings":false,"sticky":false,"featured":false,"categories":[],"tags":[],"venue":{"id":7812,"author":"2","status":"publish","date":"2016-02-29 23:00:40","date_utc":"2016-02-29 22:00:40","modified":"2023-06-30 12:11:33","modified_utc":"2023-06-30 10:11:33","url":"https:\/\/pfarrei-carl-lampert.de\/?tribe_venue=katholische-kirchengemeinde-st-petrus-wettin","venue":"Gemeinde St. Petrus","slug":"katholische-kirchengemeinde-st-petrus-wettin","address":"Burgstra\u00dfe 19","city":"Wettin-L\u00f6bej\u00fcn OT Wettin","zip":"06198","phone":"034607\/342917 (AB)","website":"www.gemeindehaus-wettin.de","json_ld":{"@type":"Place","name":"Gemeinde St. Petrus","description":"","url":false,"address":{"@type":"PostalAddress","streetAddress":"Burgstra\u00dfe 19","addressLocality":"Wettin-L\u00f6bej\u00fcn OT Wettin","postalCode":"06198"},"telephone":"034607\/342917 (AB)","sameAs":"www.gemeindehaus-wettin.de"},"show_map":false,"show_map_link":true,"global_id":"pfarrei-carl-lampert.de?id=7812","global_id_lineage":["pfarrei-carl-lampert.de?id=7812"]},"organizer":[],"json_ld":{"@context":"http:\/\/schema.org","@type":"Event","name":"\u00d6kumenisches Konzert","description":"&lt;p&gt;Details folgen&lt;\/p&gt;\\n","image":"https:\/\/pfarrei-carl-lampert.de\/wp-content\/uploads\/2018\/03\/Kirchenvorstand-1.jpg","url":"https:\/\/pfarrei-carl-lampert.de\/?tribe_events=oekumenisches-konzert","startDate":"2026-11-22T16:00:00+01:00","endDate":"2026-11-22T17:00:00+01:00","location":{"@type":"Place","name":"Gemeinde St. Petrus","description":"","url":false,"address":{"@type":"PostalAddress","streetAddress":"Burgstra\u00dfe 19","addressLocality":"Wettin-L\u00f6bej\u00fcn OT Wettin","postalCode":"06198"},"telephone":"034607\/342917 (AB)","sameAs":"www.gemeindehaus-wettin.de"}}}