{"id":15136,"global_id":"pfarrei-carl-lampert.de?id=15136","global_id_lineage":["pfarrei-carl-lampert.de?id=15136"],"author":"3","status":"publish","date":"2026-02-14 11:37:22","date_utc":"2026-02-14 10:37:22","modified":"2026-02-14 11:37:22","modified_utc":"2026-02-14 10:37:22","url":"https:\/\/pfarrei-carl-lampert.de\/?tribe_events=film-lesenacht-fuer-die-1-bis-3-klasse","rest_url":"https:\/\/pfarrei-carl-lampert.de\/index.php?rest_route=\/tribe\/events\/v1\/events\/15136","title":"FILM &#038; LESENACHT f\u00fcr die 1. bis 3. Klasse","description":"<p>Start:<br \/>\nSamstag, 28.02.2026, um 18:00 Uhr mit dem Abendessen in der G\u00fctchenstra\u00dfe<\/p>\n<p>Ende:<br \/>\nSonntag, 01.03.2026, nach dem Kinder-Gottesdienst um 10:30 Uhr in der Kirche \u201aHeilig Kreuz\u2018<\/p>\n<p>Mitbringen:<br \/>\nalles, was f\u00fcr die \u00dcbernachtung ben\u00f6tigt wird<br \/>\nSchlafsack, Isomatte, Kuscheltier, \u2026<\/p>\n<p>Unkostenbeitrag: wenn m\u00f6glich\u00a0 5 Euro<\/p>\n<p>Anmeldung &gt;&gt;&gt;\u00a0<a href=\"https:\/\/pfarrei-carl-lampert.de\/?p=15114\">FILM &amp; LESENACHT\u00a0f\u00fcr die 1. bis 3. Klasse \u2013 Katholische Pfarrei Carl Lampert<\/a><\/p>","excerpt":"","slug":"film-lesenacht-fuer-die-1-bis-3-klasse","image":{"url":"https:\/\/pfarrei-carl-lampert.de\/wp-content\/uploads\/2026\/02\/2026-02-28-Lesenacht-1-3.png","id":"15115","extension":"png","width":796,"height":1123,"sizes":{"thumbnail":{"width":150,"height":150,"mime-type":"image\/png","url":"https:\/\/pfarrei-carl-lampert.de\/wp-content\/uploads\/2026\/02\/2026-02-28-Lesenacht-1-3-150x150.png"},"medium":{"width":213,"height":300,"mime-type":"image\/png","url":"https:\/\/pfarrei-carl-lampert.de\/wp-content\/uploads\/2026\/02\/2026-02-28-Lesenacht-1-3-213x300.png"},"medium_large":{"width":768,"height":1083,"mime-type":"image\/png","url":"https:\/\/pfarrei-carl-lampert.de\/wp-content\/uploads\/2026\/02\/2026-02-28-Lesenacht-1-3-768x1083.png"},"large":{"width":726,"height":1024,"mime-type":"image\/png","url":"https:\/\/pfarrei-carl-lampert.de\/wp-content\/uploads\/2026\/02\/2026-02-28-Lesenacht-1-3-726x1024.png"},"tabs-img":{"width":164,"height":124,"mime-type":"image\/png","url":"https:\/\/pfarrei-carl-lampert.de\/wp-content\/uploads\/2026\/02\/2026-02-28-Lesenacht-1-3-164x124.png"},"blog3_thumb":{"width":420,"height":280,"mime-type":"image\/png","url":"https:\/\/pfarrei-carl-lampert.de\/wp-content\/uploads\/2026\/02\/2026-02-28-Lesenacht-1-3-420x280.png"},"blog2_thumb":{"width":420,"height":330,"mime-type":"image\/png","url":"https:\/\/pfarrei-carl-lampert.de\/wp-content\/uploads\/2026\/02\/2026-02-28-Lesenacht-1-3-420x330.png"},"square":{"width":460,"height":460,"mime-type":"image\/png","url":"https:\/\/pfarrei-carl-lampert.de\/wp-content\/uploads\/2026\/02\/2026-02-28-Lesenacht-1-3-460x460.png"},"sermons-grid":{"width":518,"height":294,"mime-type":"image\/png","url":"https:\/\/pfarrei-carl-lampert.de\/wp-content\/uploads\/2026\/02\/2026-02-28-Lesenacht-1-3-518x294.png"},"post_img":{"width":670,"height":374,"mime-type":"image\/png","url":"https:\/\/pfarrei-carl-lampert.de\/wp-content\/uploads\/2026\/02\/2026-02-28-Lesenacht-1-3-670x374.png"},"latest-cover":{"width":690,"height":460,"mime-type":"image\/png","url":"https:\/\/pfarrei-carl-lampert.de\/wp-content\/uploads\/2026\/02\/2026-02-28-Lesenacht-1-3-690x460.png"},"latestfromblog":{"width":720,"height":388,"mime-type":"image\/png","url":"https:\/\/pfarrei-carl-lampert.de\/wp-content\/uploads\/2026\/02\/2026-02-28-Lesenacht-1-3-720x388.png"},"event_list":{"width":300,"height":200,"mime-type":"image\/png","url":"https:\/\/pfarrei-carl-lampert.de\/wp-content\/uploads\/2026\/02\/2026-02-28-Lesenacht-1-3-300x200.png"}}},"all_day":false,"start_date":"2026-02-14 08:00:00","start_date_details":{"year":"2026","month":"02","day":"14","hour":"08","minutes":"00","seconds":"00"},"end_date":"2026-02-14 17:00:00","end_date_details":{"year":"2026","month":"02","day":"14","hour":"17","minutes":"00","seconds":"00"},"utc_start_date":"2026-02-14 07:00:00","utc_start_date_details":{"year":"2026","month":"02","day":"14","hour":"07","minutes":"00","seconds":"00"},"utc_end_date":"2026-02-14 16:00:00","utc_end_date_details":{"year":"2026","month":"02","day":"14","hour":"16","minutes":"00","seconds":"00"},"timezone":"Europe\/Berlin","timezone_abbr":"CET","cost":"","cost_details":{"currency_symbol":"","currency_position":"prefix","values":[]},"website":"","show_map":false,"show_map_link":false,"hide_from_listings":false,"sticky":false,"featured":false,"categories":[],"tags":[],"venue":[],"organizer":[],"json_ld":{"@context":"http:\/\/schema.org","@type":"Event","name":"FILM &#038; LESENACHT f\u00fcr die 1. bis 3. Klasse","description":"&lt;p&gt;Start: Samstag, 28.02.2026, um 18:00 Uhr mit dem Abendessen in der G\u00fctchenstra\u00dfe Ende: Sonntag, 01.03.2026, nach dem Kinder-Gottesdienst um 10:30 Uhr in der Kirche \u201aHeilig Kreuz\u2018 Mitbringen: alles, was f\u00fcr die \u00dcbernachtung ben\u00f6tigt wird Schlafsack, Isomatte, Kuscheltier, \u2026 Unkostenbeitrag: wenn m\u00f6glich\u00a0 5 Euro Anmeldung &gt;&gt;&gt;\u00a0FILM &amp; LESENACHT\u00a0f\u00fcr die 1. bis 3. Klasse \u2013 Katholische Pfarrei Carl Lampert&lt;\/p&gt;\\n","image":"https:\/\/pfarrei-carl-lampert.de\/wp-content\/uploads\/2026\/02\/2026-02-28-Lesenacht-1-3.png","url":"https:\/\/pfarrei-carl-lampert.de\/?tribe_events=film-lesenacht-fuer-die-1-bis-3-klasse","startDate":"2026-02-14T08:00:00+01:00","endDate":"2026-02-14T17:00:00+01:00"}}