{"id":15166,"global_id":"pfarrei-carl-lampert.de?id=15166","global_id_lineage":["pfarrei-carl-lampert.de?id=15166"],"author":"5","status":"publish","date":"2026-02-18 21:20:07","date_utc":"2026-02-18 20:20:07","modified":"2026-02-18 21:20:07","modified_utc":"2026-02-18 20:20:07","url":"https:\/\/pfarrei-carl-lampert.de\/?tribe_events=treffen-65","rest_url":"https:\/\/pfarrei-carl-lampert.de\/index.php?rest_route=\/tribe\/events\/v1\/events\/15166","title":"Treffen 65+\/-","description":"<p style=\"font-weight: 400;\"><span style=\"color: #000000;\"><strong>Thema: <\/strong><strong>Vom Sojaschnitzel bis zur Torferde auf dem Balkon: Klima- und Biodiversit\u00e4tskrise. \u00a0Aber was habe ich damit zu tun?<\/strong><\/span><\/p>\n<p style=\"font-weight: 400;\"><span style=\"color: #000000;\"><strong>Referent: Dr. Marten Winter<br \/>\n<\/strong><\/span><br \/>\n<span style=\"color: #000000;\">In diesem Vortrag wird Herr Dr. Winter auf die wissenschaftlichen Zusammenh\u00e4nge und Ursachen zwischen den eng miteinander verzahnten Biodiversit\u00e4ts- und Klimakrisen eingehen.<\/span><\/p>\n<p style=\"font-weight: 400;\"><span style=\"color: #000000;\">Biodiversit\u00e4tsschutz ist Klimaschutz und umgekehrt.<\/span><\/p>\n<p style=\"font-weight: 400;\"><span style=\"color: #000000;\">Er will zeigen, \u00a0warum Biodiversit\u00e4t die Grundlage unseres Lebens ist und wird dabei auch auf ein paar der \u00fcblichen Argumente eingehen, warum Andere die Bek\u00e4mpfung der Klimakrise angehen und z. B. nicht Deutschland.<\/span><\/p>\n<p style=\"font-weight: 400;\"><span style=\"color: #000000;\">Er wird an Beispielen aus dem Alltag zeigen, wo jeder Einzelne und die Gesellschaft ansetzen kann und muss, um diesen Krisen, die die Zukunft aller Menschen betrifft, erfolgreich entgegen zu treten.<\/span><\/p>\n<p style=\"font-weight: 400;\"><span style=\"color: #000000;\">Die Idee ist es mit dem Publikum eine rege Diskussion zu haben.<\/span><\/p>\n<p><span style=\"color: #000000;\">Gerade in der gegenw\u00e4rtigen Situation, in der Klimakrisen geleugnet und Ma\u00dfnahmen zur\u00fcckgefahren werden (s. USA), ist es unabdingbar, diese Dinge zu besprechen.<\/span><\/p>\n<p><span style=\"color: #000000;\">Dr. Marten Winter ist vielzitierter \u00d6kologe und besch\u00e4ftigt sich mit den Auswirkungen des globalen Wandels auf die biologische Vielfalt und gesellschaftliche Aspekte.<\/span><\/p>\n<p style=\"font-weight: 400;\"><span style=\"color: #000000;\">Er leitet sDiv, das Synthesezentrum von iDiv (dem bis dato von der Deutschen Forschungsgemeinschaft und seit neuestem l\u00e4nderfinanzierten Deutschen Zentrum f\u00fcr Integrative Biodiversit\u00e4tsforschung Halle-Jena-Leipzig.<\/span><\/p>\n<p style=\"font-weight: 400;\"><span style=\"color: #000000;\">Als Wissenschaftler lehrt er an der Uni Leipzig Makro\u00f6kologie im Globalen Wandel, gibt regelm\u00e4\u00dfig \u00f6ffentliche Vortr\u00e4ge zu \u00f6kologischen Themen und ber\u00e4t auch PolitikerInnen zu Themen des Biodiversit\u00e4tsschutzes.<\/span><\/p>\n<p style=\"font-weight: 400;\"><span style=\"color: #000000;\">\u00a0Herzliche Einladung zu diesem \u00e4u\u00dferst wichtigen und hochaktuellem Thema.<\/span><\/p>","excerpt":"","slug":"treffen-65","image":{"url":"https:\/\/pfarrei-carl-lampert.de\/wp-content\/uploads\/2026\/02\/image002.png","id":"15167","extension":"png","width":404,"height":241,"sizes":{"thumbnail":{"width":150,"height":150,"mime-type":"image\/png","url":"https:\/\/pfarrei-carl-lampert.de\/wp-content\/uploads\/2026\/02\/image002-150x150.png"},"medium":{"width":300,"height":179,"mime-type":"image\/png","url":"https:\/\/pfarrei-carl-lampert.de\/wp-content\/uploads\/2026\/02\/image002-300x179.png"},"tabs-img":{"width":164,"height":124,"mime-type":"image\/png","url":"https:\/\/pfarrei-carl-lampert.de\/wp-content\/uploads\/2026\/02\/image002-164x124.png"},"event_list":{"width":300,"height":200,"mime-type":"image\/png","url":"https:\/\/pfarrei-carl-lampert.de\/wp-content\/uploads\/2026\/02\/image002-300x200.png"}}},"all_day":false,"start_date":"2026-02-24 19:00:00","start_date_details":{"year":"2026","month":"02","day":"24","hour":"19","minutes":"00","seconds":"00"},"end_date":"2026-02-24 20:30:00","end_date_details":{"year":"2026","month":"02","day":"24","hour":"20","minutes":"30","seconds":"00"},"utc_start_date":"2026-02-24 18:00:00","utc_start_date_details":{"year":"2026","month":"02","day":"24","hour":"18","minutes":"00","seconds":"00"},"utc_end_date":"2026-02-24 19:30:00","utc_end_date_details":{"year":"2026","month":"02","day":"24","hour":"19","minutes":"30","seconds":"00"},"timezone":"Europe\/Berlin","timezone_abbr":"CET","cost":"","cost_details":{"currency_symbol":"","currency_position":"prefix","values":[]},"website":"","show_map":false,"show_map_link":false,"hide_from_listings":false,"sticky":false,"featured":false,"categories":[],"tags":[],"venue":{"id":7807,"author":"2","status":"publish","date":"2016-02-29 22:54:05","date_utc":"2016-02-29 21:54:05","modified":"2025-04-19 12:32:25","modified_utc":"2025-04-19 10:32:25","url":"https:\/\/pfarrei-carl-lampert.de\/?tribe_venue=katholische-kirchengemeinde-heilig-kreuz","venue":"Heilig Kreuz","slug":"katholische-kirchengemeinde-heilig-kreuz","address":"G\u00fctchenstra\u00dfe 21","city":"Halle (Saale)","zip":"06108","phone":"0345\/2024321","website":"https:\/\/pfarrei-carl-lampert.de\/","json_ld":{"@type":"Place","name":"Heilig Kreuz","description":"","url":false,"address":{"@type":"PostalAddress","streetAddress":"G\u00fctchenstra\u00dfe 21","addressLocality":"Halle (Saale)","postalCode":"06108"},"telephone":"0345\/2024321","sameAs":"https:\/\/pfarrei-carl-lampert.de\/"},"show_map":false,"show_map_link":true,"global_id":"pfarrei-carl-lampert.de?id=7807","global_id_lineage":["pfarrei-carl-lampert.de?id=7807"]},"organizer":[{"id":15171,"author":"5","status":"publish","date":"2026-02-18 21:20:07","date_utc":"2026-02-18 20:20:07","modified":"2026-02-18 21:20:07","modified_utc":"2026-02-18 20:20:07","url":"https:\/\/pfarrei-carl-lampert.de\/?tribe_organizer=65","organizer":"65 +\/-","slug":"65","json_ld":{"@type":"Person","name":"65 +\/-","description":"","url":false,"telephone":"","email":"","sameAs":""},"global_id":"pfarrei-carl-lampert.de?id=15171","global_id_lineage":["pfarrei-carl-lampert.de?id=15171"]}],"json_ld":{"@context":"http:\/\/schema.org","@type":"Event","name":"Treffen 65+\/-","description":"&lt;p&gt;Thema: Vom Sojaschnitzel bis zur Torferde auf dem Balkon: Klima- und Biodiversit\u00e4tskrise. \u00a0Aber was habe ich damit zu tun? Referent: Dr. Marten Winter In diesem Vortrag wird Herr Dr. Winter auf die wissenschaftlichen Zusammenh\u00e4nge und Ursachen zwischen den eng miteinander verzahnten Biodiversit\u00e4ts- und Klimakrisen eingehen. Biodiversit\u00e4tsschutz ist Klimaschutz und umgekehrt. Er will zeigen, \u00a0warum Biodiversit\u00e4t die Grundlage unseres Lebens ist und wird dabei auch auf ein paar der \u00fcblichen Argumente eingehen, warum Andere die Bek\u00e4mpfung der Klimakrise angehen und z. B. nicht Deutschland. Er wird an Beispielen aus dem Alltag zeigen, wo jeder Einzelne und die Gesellschaft ansetzen kann und muss, um diesen Krisen, die die Zukunft aller Menschen betrifft, erfolgreich entgegen zu treten. Die Idee ist es mit dem Publikum eine rege Diskussion zu haben. Gerade in der gegenw\u00e4rtigen Situation, in der Klimakrisen geleugnet und Ma\u00dfnahmen zur\u00fcckgefahren werden (s. USA), ist es unabdingbar, diese Dinge zu besprechen. Dr. Marten Winter ist vielzitierter \u00d6kologe und besch\u00e4ftigt sich mit den Auswirkungen des globalen Wandels auf die biologische Vielfalt und gesellschaftliche Aspekte. Er leitet sDiv, das Synthesezentrum von iDiv (dem bis dato von der Deutschen Forschungsgemeinschaft und seit neuestem l\u00e4nderfinanzierten Deutschen Zentrum f\u00fcr Integrative Biodiversit\u00e4tsforschung Halle-Jena-Leipzig. Als Wissenschaftler lehrt er an der Uni Leipzig Makro\u00f6kologie im Globalen Wandel, gibt regelm\u00e4\u00dfig \u00f6ffentliche Vortr\u00e4ge zu \u00f6kologischen Themen und ber\u00e4t auch PolitikerInnen zu Themen des Biodiversit\u00e4tsschutzes. \u00a0Herzliche Einladung zu diesem \u00e4u\u00dferst wichtigen und hochaktuellem Thema.&lt;\/p&gt;\\n","image":"https:\/\/pfarrei-carl-lampert.de\/wp-content\/uploads\/2026\/02\/image002.png","url":"https:\/\/pfarrei-carl-lampert.de\/?tribe_events=treffen-65","startDate":"2026-02-24T19:00:00+01:00","endDate":"2026-02-24T20:30:00+01:00","location":{"@type":"Place","name":"Heilig Kreuz","description":"","url":false,"address":{"@type":"PostalAddress","streetAddress":"G\u00fctchenstra\u00dfe 21","addressLocality":"Halle (Saale)","postalCode":"06108"},"telephone":"0345\/2024321","sameAs":"https:\/\/pfarrei-carl-lampert.de\/"},"organizer":{"@type":"Person","name":"65 +\/-","description":"","url":false,"telephone":"","email":"","sameAs":""}}}