{"id":15202,"global_id":"pfarrei-carl-lampert.de?id=15202","global_id_lineage":["pfarrei-carl-lampert.de?id=15202"],"author":"3","status":"publish","date":"2026-02-26 11:25:03","date_utc":"2026-02-26 10:25:03","modified":"2026-02-26 11:33:29","modified_utc":"2026-02-26 10:33:29","url":"https:\/\/pfarrei-carl-lampert.de\/?tribe_events=zivilgesellschaft-unter-druck","rest_url":"https:\/\/pfarrei-carl-lampert.de\/index.php?rest_route=\/tribe\/events\/v1\/events\/15202","title":"Zivilgesellschaft unter Druck","description":"<p><span style=\"color: #000000;\">Gespr\u00e4ch mit Pascal Begrich<\/span><\/p>\n<p><span style=\"color: #000000;\">Montag, 16. 03. 2026\u00a0<\/span><br \/>\n<span style=\"color: #000000;\">20:00 Uhr <\/span><br \/>\n<span style=\"color: #000000;\">Paulusgemeindesaal<\/span><\/p>\n<p><span style=\"color: #000000;\">Der Historiker und Rechtsextremismus-Experte Pascal Begrich diskutiert beim n\u00e4chsten Montagsgespr\u00e4ch, angesichts der anstehenden Kommunalwahlen in Hessen, Sachsen-Anhalt und Mecklenburg-Vorpommern und dem in diesem Zusammenhang zu erwartenden omnipr\u00e4senten Dauerwahlkampf der AfD,\u00a0 wie der dominanten Erz\u00e4hlung \u00fcber die bereits \u201everlorene\u201c offene Gesellschaft mit zahlreichen und vielf\u00e4ltigen Geschichten des demokratischen Engagements entgegengetreten werden kann und was bei Wahlsiegen oder einer Regierungsbeteiligung rechtsextremer Parteien vor Ort auf dem Spiel steht. Wie k\u00f6nnen demokratische Akteure der Zivilgesellschaft \u2013 insbesondere in den l\u00e4ndlichen R\u00e4umen \u2013 sichtbarer werden, wie k\u00f6nnen sie ermutigt und unterst\u00fctzt werden? Das Gespr\u00e4ch wird moderiert von Curt Stauss.<\/span><\/p>\n<p><span style=\"color: #000000;\"><strong>Pascal Begrich <\/strong>ist Historiker und lebt in Magdeburg. Er studierte Geschichte, Anglistik\/Amerikanistik und Germanistik.\u00a0\u00a0 Seit 2009 ist er Gesch\u00e4ftsf\u00fchrer dieser Nichtregierungsorganisation \u201e<em>Miteinander \u2013 Netzwerk f\u00fcr Demokratie und Weltoffenheit in Sachsen-Anhalt e.V<\/em>.\u201c. Seine Arbeits- und Forschungsschwerpunkte sind die aktuellen Entwicklungen des Rechtsextremismus, Demokratief\u00f6rderung sowie Aspekte zur Geschichte des Nationalsozialismus.\u00a0<\/span><\/p>\n<p>weitere Termine zu den\u00a0&gt;&gt;&gt; <a href=\"https:\/\/www.paulusgemeinde-halle.de\/gemeinde\/vortrags-gespraechsabende\/\">Montagsgespr\u00e4chen<\/a><\/p>","excerpt":"","slug":"zivilgesellschaft-unter-druck","image":{"url":"https:\/\/pfarrei-carl-lampert.de\/wp-content\/uploads\/2018\/03\/Dekanat-1.jpg","id":"8970","extension":"jpg","width":400,"height":224,"sizes":{"thumbnail":{"width":150,"height":150,"mime-type":"image\/jpeg","url":"https:\/\/pfarrei-carl-lampert.de\/wp-content\/uploads\/2018\/03\/Dekanat-1-150x150.jpg"},"medium":{"width":300,"height":168,"mime-type":"image\/jpeg","url":"https:\/\/pfarrei-carl-lampert.de\/wp-content\/uploads\/2018\/03\/Dekanat-1-300x168.jpg"},"tabs-img":{"width":164,"height":124,"mime-type":"image\/jpeg","url":"https:\/\/pfarrei-carl-lampert.de\/wp-content\/uploads\/2018\/03\/Dekanat-1-164x124.jpg"},"event_list":{"width":300,"height":200,"mime-type":"image\/jpeg","url":"https:\/\/pfarrei-carl-lampert.de\/wp-content\/uploads\/2018\/03\/Dekanat-1-300x200.jpg"}}},"all_day":false,"start_date":"2026-03-16 20:00:00","start_date_details":{"year":"2026","month":"03","day":"16","hour":"20","minutes":"00","seconds":"00"},"end_date":"2026-03-16 22:00:00","end_date_details":{"year":"2026","month":"03","day":"16","hour":"22","minutes":"00","seconds":"00"},"utc_start_date":"2026-03-16 19:00:00","utc_start_date_details":{"year":"2026","month":"03","day":"16","hour":"19","minutes":"00","seconds":"00"},"utc_end_date":"2026-03-16 21:00:00","utc_end_date_details":{"year":"2026","month":"03","day":"16","hour":"21","minutes":"00","seconds":"00"},"timezone":"Europe\/Berlin","timezone_abbr":"CET","cost":"","cost_details":{"currency_symbol":"","currency_position":"prefix","values":[]},"website":"","show_map":false,"show_map_link":false,"hide_from_listings":false,"sticky":false,"featured":false,"categories":[],"tags":[],"venue":{"id":8538,"author":"3","status":"publish","date":"2017-11-12 15:37:57","date_utc":"2017-11-12 14:37:57","modified":"2023-06-30 13:57:06","modified_utc":"2023-06-30 11:57:06","url":"https:\/\/pfarrei-carl-lampert.de\/?tribe_venue=evangelische-paulusgemeinde-halle","venue":"Evangelische Paulusgemeinde Halle","slug":"evangelische-paulusgemeinde-halle","address":"Robert-Blum-Stra\u00dfe 11a","city":"Halle (Saale)","zip":"06114","phone":"0345\/ 52 33 787","website":"http:\/\/www.paulusgemeinde-halle.de\/","json_ld":{"@type":"Place","name":"Evangelische Paulusgemeinde Halle","description":"","url":false,"address":{"@type":"PostalAddress","streetAddress":"Robert-Blum-Stra\u00dfe 11a","addressLocality":"Halle (Saale)","postalCode":"06114"},"telephone":"0345\/ 52 33 787","sameAs":"http:\/\/www.paulusgemeinde-halle.de\/"},"show_map":false,"show_map_link":true,"global_id":"pfarrei-carl-lampert.de?id=8538","global_id_lineage":["pfarrei-carl-lampert.de?id=8538"]},"organizer":[],"json_ld":{"@context":"http:\/\/schema.org","@type":"Event","name":"Zivilgesellschaft unter Druck","description":"&lt;p&gt;Gespr\u00e4ch mit Pascal Begrich Montag, 16. 03. 2026\u00a0 20:00 Uhr Paulusgemeindesaal Der Historiker und Rechtsextremismus-Experte Pascal Begrich diskutiert beim n\u00e4chsten Montagsgespr\u00e4ch, angesichts der anstehenden Kommunalwahlen in Hessen, Sachsen-Anhalt und Mecklenburg-Vorpommern und dem in diesem Zusammenhang zu erwartenden omnipr\u00e4senten Dauerwahlkampf der AfD,\u00a0 wie der dominanten Erz\u00e4hlung \u00fcber die bereits \u201everlorene\u201c offene Gesellschaft mit zahlreichen und vielf\u00e4ltigen Geschichten des demokratischen Engagements entgegengetreten werden kann und was bei Wahlsiegen oder einer Regierungsbeteiligung rechtsextremer Parteien vor Ort auf dem Spiel steht. Wie k\u00f6nnen demokratische Akteure der Zivilgesellschaft \u2013 insbesondere in den l\u00e4ndlichen R\u00e4umen \u2013 sichtbarer werden, wie k\u00f6nnen sie ermutigt und unterst\u00fctzt werden? Das Gespr\u00e4ch wird moderiert von Curt Stauss. Pascal Begrich ist Historiker und lebt in Magdeburg. Er studierte Geschichte, Anglistik\/Amerikanistik und Germanistik.\u00a0\u00a0 Seit 2009 ist er Gesch\u00e4ftsf\u00fchrer dieser Nichtregierungsorganisation \u201eMiteinander \u2013 Netzwerk f\u00fcr Demokratie und Weltoffenheit in Sachsen-Anhalt e.V.\u201c. Seine Arbeits- und Forschungsschwerpunkte sind die aktuellen Entwicklungen des Rechtsextremismus, Demokratief\u00f6rderung sowie Aspekte zur Geschichte des Nationalsozialismus.\u00a0 weitere Termine zu den\u00a0&gt;&gt;&gt; Montagsgespr\u00e4chen&lt;\/p&gt;\\n","image":"https:\/\/pfarrei-carl-lampert.de\/wp-content\/uploads\/2018\/03\/Dekanat-1.jpg","url":"https:\/\/pfarrei-carl-lampert.de\/?tribe_events=zivilgesellschaft-unter-druck","startDate":"2026-03-16T20:00:00+01:00","endDate":"2026-03-16T22:00:00+01:00","location":{"@type":"Place","name":"Evangelische Paulusgemeinde Halle","description":"","url":false,"address":{"@type":"PostalAddress","streetAddress":"Robert-Blum-Stra\u00dfe 11a","addressLocality":"Halle (Saale)","postalCode":"06114"},"telephone":"0345\/ 52 33 787","sameAs":"http:\/\/www.paulusgemeinde-halle.de\/"}}}