{"id":15204,"global_id":"pfarrei-carl-lampert.de?id=15204","global_id_lineage":["pfarrei-carl-lampert.de?id=15204"],"author":"3","status":"publish","date":"2026-02-26 11:32:56","date_utc":"2026-02-26 10:32:56","modified":"2026-02-26 11:33:51","modified_utc":"2026-02-26 10:33:51","url":"https:\/\/pfarrei-carl-lampert.de\/?tribe_events=zivilgesellschaft-unter-druck-2","rest_url":"https:\/\/pfarrei-carl-lampert.de\/index.php?rest_route=\/tribe\/events\/v1\/events\/15204","title":"Podiumsdiskussion mit Landesbischof Friedrich Kramer","description":"<p><span style=\"color: #000000;\">Montag, 27. April 2026<\/span><br \/>\n<span style=\"color: #000000;\">20:00 Uhr <\/span><br \/>\n<span style=\"color: #000000;\">Pauluskirche<\/span><\/p>\n<p><span style=\"color: #000000;\">Der Landesbischof und Friedensbeauftragte des Rates der EKD stellt sich beim n\u00e4chsten Montagsgespr\u00e4ch den Fragen des Publikums. Fragen zu Krieg und Frieden, zum Verh\u00e4ltnis zur AfD, zur Aufarbeitung der Corona-Zeit, zu Missbrauchsf\u00e4llen in der Kirche oder zu Zukunftsfragen von Kirche und Gesellschaft werden dabei ihren Platz haben. Der Presssprecher der Diakonie Mitteldeutschlands Frieder Weigmann wird dieses Gespr\u00e4ch moderieren. Bringen Sie Ihre \u201eFragen der Zeit\u201c mit und diskutieren Sie mit. Der Eintritt ist frei. Um eine Spende wird gebeten.<\/span><\/p>\n<p>weitere Termine zu den\u00a0&gt;&gt;&gt; <a href=\"https:\/\/www.paulusgemeinde-halle.de\/gemeinde\/vortrags-gespraechsabende\/\">Montagsgespr\u00e4chen<\/a><\/p>","excerpt":"","slug":"zivilgesellschaft-unter-druck-2","image":{"url":"https:\/\/pfarrei-carl-lampert.de\/wp-content\/uploads\/2018\/03\/Dekanat-1.jpg","id":"8970","extension":"jpg","width":400,"height":224,"sizes":{"thumbnail":{"width":150,"height":150,"mime-type":"image\/jpeg","url":"https:\/\/pfarrei-carl-lampert.de\/wp-content\/uploads\/2018\/03\/Dekanat-1-150x150.jpg"},"medium":{"width":300,"height":168,"mime-type":"image\/jpeg","url":"https:\/\/pfarrei-carl-lampert.de\/wp-content\/uploads\/2018\/03\/Dekanat-1-300x168.jpg"},"tabs-img":{"width":164,"height":124,"mime-type":"image\/jpeg","url":"https:\/\/pfarrei-carl-lampert.de\/wp-content\/uploads\/2018\/03\/Dekanat-1-164x124.jpg"},"event_list":{"width":300,"height":200,"mime-type":"image\/jpeg","url":"https:\/\/pfarrei-carl-lampert.de\/wp-content\/uploads\/2018\/03\/Dekanat-1-300x200.jpg"}}},"all_day":false,"start_date":"2026-04-27 20:00:00","start_date_details":{"year":"2026","month":"04","day":"27","hour":"20","minutes":"00","seconds":"00"},"end_date":"2026-04-27 22:00:00","end_date_details":{"year":"2026","month":"04","day":"27","hour":"22","minutes":"00","seconds":"00"},"utc_start_date":"2026-04-27 18:00:00","utc_start_date_details":{"year":"2026","month":"04","day":"27","hour":"18","minutes":"00","seconds":"00"},"utc_end_date":"2026-04-27 20:00:00","utc_end_date_details":{"year":"2026","month":"04","day":"27","hour":"20","minutes":"00","seconds":"00"},"timezone":"Europe\/Berlin","timezone_abbr":"CEST","cost":"","cost_details":{"currency_symbol":"","currency_position":"prefix","values":[]},"website":"","show_map":false,"show_map_link":false,"hide_from_listings":false,"sticky":false,"featured":false,"categories":[],"tags":[],"venue":{"id":15209,"author":"3","status":"publish","date":"2026-02-26 11:32:56","date_utc":"2026-02-26 10:32:56","modified":"2026-02-26 11:32:56","modified_utc":"2026-02-26 10:32:56","url":"https:\/\/pfarrei-carl-lampert.de\/?tribe_venue=pauluskirche-3","venue":"Pauluskirche","slug":"pauluskirche-3","address":"Rathenauplatz 22","city":"Halle (Saale)","zip":"06114","website":"https:\/\/www.paulusgemeinde-halle.de\/pauluskirche\/","json_ld":{"@type":"Place","name":"Pauluskirche","description":"","url":false,"address":{"@type":"PostalAddress","streetAddress":"Rathenauplatz 22","addressLocality":"Halle (Saale)","postalCode":"06114"},"telephone":"","sameAs":"https:\/\/www.paulusgemeinde-halle.de\/pauluskirche\/"},"show_map":true,"show_map_link":true,"global_id":"pfarrei-carl-lampert.de?id=15209","global_id_lineage":["pfarrei-carl-lampert.de?id=15209"]},"organizer":[],"json_ld":{"@context":"http:\/\/schema.org","@type":"Event","name":"Podiumsdiskussion mit Landesbischof Friedrich Kramer","description":"&lt;p&gt;Montag, 27. April 2026 20:00 Uhr Pauluskirche Der Landesbischof und Friedensbeauftragte des Rates der EKD stellt sich beim n\u00e4chsten Montagsgespr\u00e4ch den Fragen des Publikums. Fragen zu Krieg und Frieden, zum Verh\u00e4ltnis zur AfD, zur Aufarbeitung der Corona-Zeit, zu Missbrauchsf\u00e4llen in der Kirche oder zu Zukunftsfragen von Kirche und Gesellschaft werden dabei ihren Platz haben. Der Presssprecher der Diakonie Mitteldeutschlands Frieder Weigmann wird dieses Gespr\u00e4ch moderieren. Bringen Sie Ihre \u201eFragen der Zeit\u201c mit und diskutieren Sie mit. Der Eintritt ist frei. Um eine Spende wird gebeten. weitere Termine zu den\u00a0&gt;&gt;&gt; Montagsgespr\u00e4chen&lt;\/p&gt;\\n","image":"https:\/\/pfarrei-carl-lampert.de\/wp-content\/uploads\/2018\/03\/Dekanat-1.jpg","url":"https:\/\/pfarrei-carl-lampert.de\/?tribe_events=zivilgesellschaft-unter-druck-2","startDate":"2026-04-27T20:00:00+02:00","endDate":"2026-04-27T22:00:00+02:00","location":{"@type":"Place","name":"Pauluskirche","description":"","url":false,"address":{"@type":"PostalAddress","streetAddress":"Rathenauplatz 22","addressLocality":"Halle (Saale)","postalCode":"06114"},"telephone":"","sameAs":"https:\/\/www.paulusgemeinde-halle.de\/pauluskirche\/"}}}