{"id":15210,"global_id":"pfarrei-carl-lampert.de?id=15210","global_id_lineage":["pfarrei-carl-lampert.de?id=15210"],"author":"3","status":"publish","date":"2026-02-26 11:36:46","date_utc":"2026-02-26 10:36:46","modified":"2026-02-26 11:36:46","modified_utc":"2026-02-26 10:36:46","url":"https:\/\/pfarrei-carl-lampert.de\/?tribe_events=zivilgesellschaft-unter-druck-3","rest_url":"https:\/\/pfarrei-carl-lampert.de\/index.php?rest_route=\/tribe\/events\/v1\/events\/15210","title":"\u201eV\u00f6lkischer Nationalismus und Christentum sind unvereinbar\u201c","description":"<p><span style=\"color: #000000;\">Gespr\u00e4ch mit Bischof Dr. Feige, Bistum Magdeburg\u00a0<\/span><\/p>\n<p><span style=\"color: #000000;\">Montaggespr\u00e4ch <\/span><br \/>\n<span style=\"color: #000000;\">01. Juni 2026 <\/span><br \/>\n<span style=\"color: #000000;\">Pauluskirche<\/span><\/p>\n<p><span style=\"color: #000000;\">Die Erkl\u00e4rung der Deutschen Bischofskonferenz mit dem Titel \u201eV\u00f6lkischer Nationalismus und Christentum sind unvereinbar\u201c, die im Februar 2024 einstimmig verabschiedet wurde, stellte fest, dass die AfD f\u00fcr Christen nicht w\u00e4hlbar sei, da v\u00f6lkisches Gedankengut, das Menschen aufgrund ihrer Herkunft diskriminiert, fundamental gegen christliche Werte verst\u00f6\u00dft und eine Gefahr f\u00fcr Deutschland darstellt, weshalb kirchliche \u00c4mter f\u00fcr AfD-Funktion\u00e4re nicht tragbar sind. Der stellvertretende AfD-Bundessprecher Stephan Brandner hatte daraufhin den Bisch\u00f6fen ein &#8222;durchschaubares Wahlkampf- und Ablenkungsman\u00f6ver&#8220; und Polithetze und Dreistigkeit vorgeworfen. Die EKD-Synode dagegen stellte sich hinter die Aussagen der katholischen Bischofskonferenz. Die Ratsvorsitzende Bisch\u00f6fin Kirsten Fehrs sagte: Die Erkl\u00e4rung der Bisch\u00f6fe und der Beschluss der EKD-Synode vom Dezember 2023 l\u00e4gen klar auf einer Linie. <\/span><br \/>\n<span style=\"color: #000000;\"> Im Montagsgespr\u00e4ch mit Bischof Dr. Gerhard Feige soll es um die Haltung der Kirchen zu den aktuellen Entwicklungen in der Politik im Wahljahr 2026 gehen. Dabei gehe es um die grunds\u00e4tzliche Entscheidung, \u201cob wir weiterhin in einer freiheitlichen Demokratie leben wollen oder tatenlos zusehen, wie diese immer mehr demontiert und untergraben wird\u201d (Zitat: Dr. Gerhard Feige).<\/span><\/p>\n<p>weitere Termine zu den\u00a0&gt;&gt;&gt; <a href=\"https:\/\/www.paulusgemeinde-halle.de\/gemeinde\/vortrags-gespraechsabende\/\">Montagsgespr\u00e4chen<\/a><\/p>","excerpt":"","slug":"zivilgesellschaft-unter-druck-3","image":{"url":"https:\/\/pfarrei-carl-lampert.de\/wp-content\/uploads\/2018\/03\/Dekanat-1.jpg","id":"8970","extension":"jpg","width":400,"height":224,"sizes":{"thumbnail":{"width":150,"height":150,"mime-type":"image\/jpeg","url":"https:\/\/pfarrei-carl-lampert.de\/wp-content\/uploads\/2018\/03\/Dekanat-1-150x150.jpg"},"medium":{"width":300,"height":168,"mime-type":"image\/jpeg","url":"https:\/\/pfarrei-carl-lampert.de\/wp-content\/uploads\/2018\/03\/Dekanat-1-300x168.jpg"},"tabs-img":{"width":164,"height":124,"mime-type":"image\/jpeg","url":"https:\/\/pfarrei-carl-lampert.de\/wp-content\/uploads\/2018\/03\/Dekanat-1-164x124.jpg"},"event_list":{"width":300,"height":200,"mime-type":"image\/jpeg","url":"https:\/\/pfarrei-carl-lampert.de\/wp-content\/uploads\/2018\/03\/Dekanat-1-300x200.jpg"}}},"all_day":false,"start_date":"2026-06-01 20:00:00","start_date_details":{"year":"2026","month":"06","day":"01","hour":"20","minutes":"00","seconds":"00"},"end_date":"2026-06-01 22:00:00","end_date_details":{"year":"2026","month":"06","day":"01","hour":"22","minutes":"00","seconds":"00"},"utc_start_date":"2026-06-01 18:00:00","utc_start_date_details":{"year":"2026","month":"06","day":"01","hour":"18","minutes":"00","seconds":"00"},"utc_end_date":"2026-06-01 20:00:00","utc_end_date_details":{"year":"2026","month":"06","day":"01","hour":"20","minutes":"00","seconds":"00"},"timezone":"Europe\/Berlin","timezone_abbr":"CEST","cost":"","cost_details":{"currency_symbol":"","currency_position":"prefix","values":[]},"website":"","show_map":false,"show_map_link":false,"hide_from_listings":false,"sticky":false,"featured":false,"categories":[],"tags":[],"venue":{"id":15209,"author":"3","status":"publish","date":"2026-02-26 11:32:56","date_utc":"2026-02-26 10:32:56","modified":"2026-02-26 11:32:56","modified_utc":"2026-02-26 10:32:56","url":"https:\/\/pfarrei-carl-lampert.de\/?tribe_venue=pauluskirche-3","venue":"Pauluskirche","slug":"pauluskirche-3","address":"Rathenauplatz 22","city":"Halle (Saale)","zip":"06114","website":"https:\/\/www.paulusgemeinde-halle.de\/pauluskirche\/","json_ld":{"@type":"Place","name":"Pauluskirche","description":"","url":false,"address":{"@type":"PostalAddress","streetAddress":"Rathenauplatz 22","addressLocality":"Halle (Saale)","postalCode":"06114"},"telephone":"","sameAs":"https:\/\/www.paulusgemeinde-halle.de\/pauluskirche\/"},"show_map":true,"show_map_link":true,"global_id":"pfarrei-carl-lampert.de?id=15209","global_id_lineage":["pfarrei-carl-lampert.de?id=15209"]},"organizer":[],"json_ld":{"@context":"http:\/\/schema.org","@type":"Event","name":"\u201eV\u00f6lkischer Nationalismus und Christentum sind unvereinbar\u201c","description":"&lt;p&gt;Gespr\u00e4ch mit Bischof Dr. Feige, Bistum Magdeburg\u00a0 Montaggespr\u00e4ch 01. Juni 2026 Pauluskirche Die Erkl\u00e4rung der Deutschen Bischofskonferenz mit dem Titel \u201eV\u00f6lkischer Nationalismus und Christentum sind unvereinbar\u201c, die im Februar 2024 einstimmig verabschiedet wurde, stellte fest, dass die AfD f\u00fcr Christen nicht w\u00e4hlbar sei, da v\u00f6lkisches Gedankengut, das Menschen aufgrund ihrer Herkunft diskriminiert, fundamental gegen christliche Werte verst\u00f6\u00dft und eine Gefahr f\u00fcr Deutschland darstellt, weshalb kirchliche \u00c4mter f\u00fcr AfD-Funktion\u00e4re nicht tragbar sind. Der stellvertretende AfD-Bundessprecher Stephan Brandner hatte daraufhin den Bisch\u00f6fen ein &quot;durchschaubares Wahlkampf- und Ablenkungsman\u00f6ver&quot; und Polithetze und Dreistigkeit vorgeworfen. Die EKD-Synode dagegen stellte sich hinter die Aussagen der katholischen Bischofskonferenz. Die Ratsvorsitzende Bisch\u00f6fin Kirsten Fehrs sagte: Die Erkl\u00e4rung der Bisch\u00f6fe und der Beschluss der EKD-Synode vom Dezember 2023 l\u00e4gen klar auf einer Linie. Im Montagsgespr\u00e4ch mit Bischof Dr. Gerhard Feige soll es um die Haltung der Kirchen zu den aktuellen Entwicklungen in der Politik im Wahljahr 2026 gehen. Dabei gehe es um die grunds\u00e4tzliche Entscheidung, \u201cob wir weiterhin in einer freiheitlichen Demokratie leben wollen oder tatenlos zusehen, wie diese immer mehr demontiert und untergraben wird\u201d (Zitat: Dr. Gerhard Feige). weitere Termine zu den\u00a0&gt;&gt;&gt; Montagsgespr\u00e4chen&lt;\/p&gt;\\n","image":"https:\/\/pfarrei-carl-lampert.de\/wp-content\/uploads\/2018\/03\/Dekanat-1.jpg","url":"https:\/\/pfarrei-carl-lampert.de\/?tribe_events=zivilgesellschaft-unter-druck-3","startDate":"2026-06-01T20:00:00+02:00","endDate":"2026-06-01T22:00:00+02:00","location":{"@type":"Place","name":"Pauluskirche","description":"","url":false,"address":{"@type":"PostalAddress","streetAddress":"Rathenauplatz 22","addressLocality":"Halle (Saale)","postalCode":"06114"},"telephone":"","sameAs":"https:\/\/www.paulusgemeinde-halle.de\/pauluskirche\/"}}}