{"id":15228,"global_id":"pfarrei-carl-lampert.de?id=15228","global_id_lineage":["pfarrei-carl-lampert.de?id=15228"],"author":"3","status":"publish","date":"2026-02-27 15:56:52","date_utc":"2026-02-27 14:56:52","modified":"2026-02-27 15:59:56","modified_utc":"2026-02-27 14:59:56","url":"https:\/\/pfarrei-carl-lampert.de\/?tribe_events=film-und-lesenacht-4-6-klasse","rest_url":"https:\/\/pfarrei-carl-lampert.de\/index.php?rest_route=\/tribe\/events\/v1\/events\/15228","title":"Film- und Lesenacht 4.-6. Klasse","description":"<p><span style=\"color: #000000;\">Start:<\/span><br \/>\n<span style=\"color: #000000;\">Samstag, 14.03.2026, um 18:00 Uhr mit dem Abendessen in der G\u00fctchenstra\u00dfe\u00a0<\/span><\/p>\n<p><span style=\"color: #000000;\">Ende:<\/span><br \/>\n<span style=\"color: #000000;\">Sonntag, 15.03.2026, nach dem Kinder-Gottesdienst um 10:30 Uhr in der Kirche\u201a Heilig Kreuz\u00a0<\/span><\/p>\n<p><span style=\"color: #000000;\">Mitbringen:\u00a0<\/span><br \/>\n<span style=\"color: #000000;\">alles, was f\u00fcr die \u00dcbernachtung ben\u00f6tigt wird<\/span><br \/>\n<span style=\"color: #000000;\">Schlafsack, Isomatte, Kuscheltier, \u2026<\/span><\/p>\n<p><span style=\"color: #000000;\">Unkostenbeitrag: wenn m\u00f6glich\u00a0 5 Euro<\/span><\/p>\n<p><span style=\"color: #000000;\">Anmeldung bitte bis 08.03.2026 bei Elisabeth Wanka\u00a0<\/span><br \/>\n<span style=\"color: #000000;\">Bitte Besonderheiten beim Essen angeben.\u00a0<\/span><\/p>","excerpt":"","slug":"film-und-lesenacht-4-6-klasse","image":{"url":"https:\/\/pfarrei-carl-lampert.de\/wp-content\/uploads\/2026\/02\/Bildschirmfoto-2026-02-27-um-12.22.17.jpg","id":"15219","extension":"jpg","width":1684,"height":1190,"sizes":{"thumbnail":{"width":150,"height":150,"mime-type":"image\/jpeg","url":"https:\/\/pfarrei-carl-lampert.de\/wp-content\/uploads\/2026\/02\/Bildschirmfoto-2026-02-27-um-12.22.17-150x150.jpg"},"medium":{"width":300,"height":212,"mime-type":"image\/jpeg","url":"https:\/\/pfarrei-carl-lampert.de\/wp-content\/uploads\/2026\/02\/Bildschirmfoto-2026-02-27-um-12.22.17-300x212.jpg"},"medium_large":{"width":768,"height":543,"mime-type":"image\/jpeg","url":"https:\/\/pfarrei-carl-lampert.de\/wp-content\/uploads\/2026\/02\/Bildschirmfoto-2026-02-27-um-12.22.17-768x543.jpg"},"large":{"width":1024,"height":724,"mime-type":"image\/jpeg","url":"https:\/\/pfarrei-carl-lampert.de\/wp-content\/uploads\/2026\/02\/Bildschirmfoto-2026-02-27-um-12.22.17-1024x724.jpg"},"tabs-img":{"width":164,"height":124,"mime-type":"image\/jpeg","url":"https:\/\/pfarrei-carl-lampert.de\/wp-content\/uploads\/2026\/02\/Bildschirmfoto-2026-02-27-um-12.22.17-164x124.jpg"},"blog3_thumb":{"width":420,"height":280,"mime-type":"image\/jpeg","url":"https:\/\/pfarrei-carl-lampert.de\/wp-content\/uploads\/2026\/02\/Bildschirmfoto-2026-02-27-um-12.22.17-420x280.jpg"},"blog2_thumb":{"width":420,"height":330,"mime-type":"image\/jpeg","url":"https:\/\/pfarrei-carl-lampert.de\/wp-content\/uploads\/2026\/02\/Bildschirmfoto-2026-02-27-um-12.22.17-420x330.jpg"},"square":{"width":460,"height":460,"mime-type":"image\/jpeg","url":"https:\/\/pfarrei-carl-lampert.de\/wp-content\/uploads\/2026\/02\/Bildschirmfoto-2026-02-27-um-12.22.17-460x460.jpg"},"sermons-grid":{"width":518,"height":294,"mime-type":"image\/jpeg","url":"https:\/\/pfarrei-carl-lampert.de\/wp-content\/uploads\/2026\/02\/Bildschirmfoto-2026-02-27-um-12.22.17-518x294.jpg"},"post_img":{"width":670,"height":374,"mime-type":"image\/jpeg","url":"https:\/\/pfarrei-carl-lampert.de\/wp-content\/uploads\/2026\/02\/Bildschirmfoto-2026-02-27-um-12.22.17-670x374.jpg"},"latest-cover":{"width":690,"height":460,"mime-type":"image\/jpeg","url":"https:\/\/pfarrei-carl-lampert.de\/wp-content\/uploads\/2026\/02\/Bildschirmfoto-2026-02-27-um-12.22.17-690x460.jpg"},"latestfromblog":{"width":720,"height":388,"mime-type":"image\/jpeg","url":"https:\/\/pfarrei-carl-lampert.de\/wp-content\/uploads\/2026\/02\/Bildschirmfoto-2026-02-27-um-12.22.17-720x388.jpg"},"event_list":{"width":300,"height":200,"mime-type":"image\/jpeg","url":"https:\/\/pfarrei-carl-lampert.de\/wp-content\/uploads\/2026\/02\/Bildschirmfoto-2026-02-27-um-12.22.17-300x200.jpg"}}},"all_day":false,"start_date":"2026-03-14 08:00:00","start_date_details":{"year":"2026","month":"03","day":"14","hour":"08","minutes":"00","seconds":"00"},"end_date":"2026-03-15 11:30:00","end_date_details":{"year":"2026","month":"03","day":"15","hour":"11","minutes":"30","seconds":"00"},"utc_start_date":"2026-03-14 07:00:00","utc_start_date_details":{"year":"2026","month":"03","day":"14","hour":"07","minutes":"00","seconds":"00"},"utc_end_date":"2026-03-15 10:30:00","utc_end_date_details":{"year":"2026","month":"03","day":"15","hour":"10","minutes":"30","seconds":"00"},"timezone":"Europe\/Berlin","timezone_abbr":"CET","cost":"","cost_details":{"currency_symbol":"","currency_position":"prefix","values":[]},"website":"","show_map":false,"show_map_link":false,"hide_from_listings":false,"sticky":false,"featured":false,"categories":[],"tags":[],"venue":{"id":7807,"author":"2","status":"publish","date":"2016-02-29 22:54:05","date_utc":"2016-02-29 21:54:05","modified":"2025-04-19 12:32:25","modified_utc":"2025-04-19 10:32:25","url":"https:\/\/pfarrei-carl-lampert.de\/?tribe_venue=katholische-kirchengemeinde-heilig-kreuz","venue":"Heilig Kreuz","slug":"katholische-kirchengemeinde-heilig-kreuz","address":"G\u00fctchenstra\u00dfe 21","city":"Halle (Saale)","zip":"06108","phone":"0345\/2024321","website":"https:\/\/pfarrei-carl-lampert.de\/","json_ld":{"@type":"Place","name":"Heilig Kreuz","description":"","url":false,"address":{"@type":"PostalAddress","streetAddress":"G\u00fctchenstra\u00dfe 21","addressLocality":"Halle (Saale)","postalCode":"06108"},"telephone":"0345\/2024321","sameAs":"https:\/\/pfarrei-carl-lampert.de\/"},"show_map":false,"show_map_link":true,"global_id":"pfarrei-carl-lampert.de?id=7807","global_id_lineage":["pfarrei-carl-lampert.de?id=7807"]},"organizer":[],"json_ld":{"@context":"http:\/\/schema.org","@type":"Event","name":"Film- und Lesenacht 4.-6. Klasse","description":"&lt;p&gt;Start: Samstag, 14.03.2026, um 18:00 Uhr mit dem Abendessen in der G\u00fctchenstra\u00dfe\u00a0 Ende: Sonntag, 15.03.2026, nach dem Kinder-Gottesdienst um 10:30 Uhr in der Kirche\u201a Heilig Kreuz\u00a0 Mitbringen:\u00a0 alles, was f\u00fcr die \u00dcbernachtung ben\u00f6tigt wird Schlafsack, Isomatte, Kuscheltier, \u2026 Unkostenbeitrag: wenn m\u00f6glich\u00a0 5 Euro Anmeldung bitte bis 08.03.2026 bei Elisabeth Wanka\u00a0 Bitte Besonderheiten beim Essen angeben.\u00a0&lt;\/p&gt;\\n","image":"https:\/\/pfarrei-carl-lampert.de\/wp-content\/uploads\/2026\/02\/Bildschirmfoto-2026-02-27-um-12.22.17.jpg","url":"https:\/\/pfarrei-carl-lampert.de\/?tribe_events=film-und-lesenacht-4-6-klasse","startDate":"2026-03-14T08:00:00+01:00","endDate":"2026-03-15T11:30:00+01:00","location":{"@type":"Place","name":"Heilig Kreuz","description":"","url":false,"address":{"@type":"PostalAddress","streetAddress":"G\u00fctchenstra\u00dfe 21","addressLocality":"Halle (Saale)","postalCode":"06108"},"telephone":"0345\/2024321","sameAs":"https:\/\/pfarrei-carl-lampert.de\/"}}}