{"id":15255,"global_id":"pfarrei-carl-lampert.de?id=15255","global_id_lineage":["pfarrei-carl-lampert.de?id=15255"],"author":"3","status":"publish","date":"2026-03-13 16:53:13","date_utc":"2026-03-13 15:53:13","modified":"2026-03-13 17:01:30","modified_utc":"2026-03-13 16:01:30","url":"https:\/\/pfarrei-carl-lampert.de\/?tribe_events=praeventionsschulung-fuer-ehrenamtlich-und-hauptamtlich-taetige","rest_url":"https:\/\/pfarrei-carl-lampert.de\/index.php?rest_route=\/tribe\/events\/v1\/events\/15255","title":"Pr\u00e4ventionsschulung\u00a0f\u00fcr ehrenamtlich und hauptamtlich T\u00e4tige","description":"<p><span style=\"color: #000000;\">Pr\u00e4ventionsschulung\u00a0<\/span><span style=\"color: #000000;\">f\u00fcr ehrenamtlich und hauptamtlich T\u00e4tige\u00a0<\/span><br \/>\n<span style=\"color: #000000;\"> in der Kinder- und Jugendpastoral in der Pastoral-Region Halle-Merseburg\u00a0<\/span><\/p>\n<blockquote><p><span style=\"color: #000000;\">Damit etablieren wir eine Kultur der Achtsamkeit!\u00a0<\/span><\/p><\/blockquote>\n<p><span style=\"color: #000000;\"><strong>Termin<\/strong>: 09. Mai 2026 von 10:00 Uhr bis 13:30 Uhr\u00a0<\/span><br \/>\n<span style=\"color: #000000;\"><strong> Ort<\/strong>: im Maria-Modesta-Haus an der Propsteikirche, Mauerstr. 12, Halle (Saale)<br \/>\n<strong>Thema<\/strong>:\u00a0\u201eKultur der Achtsamkeit\u201c\u00a0<\/span><\/p>\n<p><span style=\"color: #000000;\">Diese Fortbildung wird in Kooperation mit der Fachakademie des Bistum Magdeburg durchgef\u00fchrt.\u00a0<\/span><\/p>\n<p><span style=\"color: #000000;\"><strong>Referentin<\/strong>:\u00a0<\/span><br \/>\nFrau Ursula Samietz aus Erfurt<\/p>\n<p><span style=\"color: #000000;\"><strong>Anmeldung<\/strong><br \/>\nper Telefon oder Email bitte bis <em>sp\u00e4testens <\/em><\/span><span style=\"color: #000000;\"><em>Samstag, 02. Mai 2026\u00a0<\/em><\/span><span style=\"color: #000000;\">an:<br \/>\n<\/span>&gt;&gt;&gt;\u00a0<a href=\"mailto:bert.lange@bistum-magdeburg.de\">bert.lange@bistum-magdeburg.de<\/a><br \/>\n<span style=\"color: #000000;\">Tel. 03461 \/ 82 39 525,<\/span><\/p>\n<p><span style=\"color: #000000;\">Sollte die Schulung nicht zustande kommen, dann sagen wir Ihnen ab.\u00a0<\/span><\/p>","excerpt":"","slug":"praeventionsschulung-fuer-ehrenamtlich-und-hauptamtlich-taetige","image":{"url":"https:\/\/pfarrei-carl-lampert.de\/wp-content\/uploads\/2018\/02\/Seilschnecke.jpg","id":"8861","extension":"jpg","width":300,"height":224,"sizes":{"thumbnail":{"width":150,"height":150,"mime-type":"image\/jpeg","url":"https:\/\/pfarrei-carl-lampert.de\/wp-content\/uploads\/2018\/02\/Seilschnecke-150x150.jpg"},"medium":{"width":300,"height":224,"mime-type":"image\/jpeg","url":"https:\/\/pfarrei-carl-lampert.de\/wp-content\/uploads\/2018\/02\/Seilschnecke-300x224.jpg"},"tabs-img":{"width":164,"height":124,"mime-type":"image\/jpeg","url":"https:\/\/pfarrei-carl-lampert.de\/wp-content\/uploads\/2018\/02\/Seilschnecke-164x124.jpg"},"event_list":{"width":300,"height":200,"mime-type":"image\/jpeg","url":"https:\/\/pfarrei-carl-lampert.de\/wp-content\/uploads\/2018\/02\/Seilschnecke-300x200.jpg"}}},"all_day":false,"start_date":"2026-05-09 10:00:00","start_date_details":{"year":"2026","month":"05","day":"09","hour":"10","minutes":"00","seconds":"00"},"end_date":"2026-05-09 13:30:00","end_date_details":{"year":"2026","month":"05","day":"09","hour":"13","minutes":"30","seconds":"00"},"utc_start_date":"2026-05-09 08:00:00","utc_start_date_details":{"year":"2026","month":"05","day":"09","hour":"08","minutes":"00","seconds":"00"},"utc_end_date":"2026-05-09 11:30:00","utc_end_date_details":{"year":"2026","month":"05","day":"09","hour":"11","minutes":"30","seconds":"00"},"timezone":"Europe\/Berlin","timezone_abbr":"CEST","cost":"","cost_details":{"currency_symbol":"","currency_position":"prefix","values":[]},"website":"","show_map":false,"show_map_link":false,"hide_from_listings":false,"sticky":false,"featured":false,"categories":[],"tags":[],"venue":{"id":13757,"author":"3","status":"publish","date":"2024-02-02 22:40:36","date_utc":"2024-02-02 21:40:36","modified":"2024-02-02 22:40:36","modified_utc":"2024-02-02 21:40:36","url":"https:\/\/pfarrei-carl-lampert.de\/?tribe_venue=maria-modesta-haus-an-der-propsteikirche","venue":"Maria-Modesta-Haus an der Propsteikirche","slug":"maria-modesta-haus-an-der-propsteikirche","address":"Mauerstr. 12","city":"Halle (Saale)","zip":"06108","json_ld":{"@type":"Place","name":"Maria-Modesta-Haus an der Propsteikirche","description":"","url":false,"address":{"@type":"PostalAddress","streetAddress":"Mauerstr. 12","addressLocality":"Halle (Saale)","postalCode":"06108"},"telephone":"","sameAs":""},"show_map":true,"show_map_link":true,"global_id":"pfarrei-carl-lampert.de?id=13757","global_id_lineage":["pfarrei-carl-lampert.de?id=13757"]},"organizer":[],"json_ld":{"@context":"http:\/\/schema.org","@type":"Event","name":"Pr\u00e4ventionsschulung\u00a0f\u00fcr ehrenamtlich und hauptamtlich T\u00e4tige","description":"&lt;p&gt;Pr\u00e4ventionsschulung\u00a0f\u00fcr ehrenamtlich und hauptamtlich T\u00e4tige\u00a0 in der Kinder- und Jugendpastoral in der Pastoral-Region Halle-Merseburg\u00a0 Damit etablieren wir eine Kultur der Achtsamkeit!\u00a0 Termin: 09. Mai 2026 von 10:00 Uhr bis 13:30 Uhr\u00a0 Ort: im Maria-Modesta-Haus an der Propsteikirche, Mauerstr. 12, Halle (Saale) Thema:\u00a0\u201eKultur der Achtsamkeit\u201c\u00a0 Diese Fortbildung wird in Kooperation mit der Fachakademie des Bistum Magdeburg durchgef\u00fchrt.\u00a0 Referentin:\u00a0 Frau Ursula Samietz aus Erfurt Anmeldung per Telefon oder Email bitte bis sp\u00e4testens Samstag, 02. Mai 2026\u00a0an: &gt;&gt;&gt;\u00a0bert.lange@bistum-magdeburg.de Tel. 03461 \/ 82 39 525, Sollte die Schulung nicht zustande kommen, dann sagen wir Ihnen ab.\u00a0&lt;\/p&gt;\\n","image":"https:\/\/pfarrei-carl-lampert.de\/wp-content\/uploads\/2018\/02\/Seilschnecke.jpg","url":"https:\/\/pfarrei-carl-lampert.de\/?tribe_events=praeventionsschulung-fuer-ehrenamtlich-und-hauptamtlich-taetige","startDate":"2026-05-09T10:00:00+02:00","endDate":"2026-05-09T13:30:00+02:00","location":{"@type":"Place","name":"Maria-Modesta-Haus an der Propsteikirche","description":"","url":false,"address":{"@type":"PostalAddress","streetAddress":"Mauerstr. 12","addressLocality":"Halle (Saale)","postalCode":"06108"},"telephone":"","sameAs":""}}}