{"id":15298,"global_id":"pfarrei-carl-lampert.de?id=15298","global_id_lineage":["pfarrei-carl-lampert.de?id=15298"],"author":"3","status":"publish","date":"2026-03-27 21:34:09","date_utc":"2026-03-27 20:34:09","modified":"2026-03-27 21:37:22","modified_utc":"2026-03-27 20:37:22","url":"https:\/\/pfarrei-carl-lampert.de\/?tribe_events=wanderung-von-zappendorf-nach-doelau","rest_url":"https:\/\/pfarrei-carl-lampert.de\/index.php?rest_route=\/tribe\/events\/v1\/events\/15298","title":"Wanderung von Zappendorf nach D\u00f6lau","description":"<p><b>Emmausgang\u00a0von Zappendorf nach D\u00f6lau<\/b><\/p>\n<p><b>Ostermontag, 06. April 2026 <\/b><\/p>\n<p><b>Beginn mit dem 10:30 Uhr-Gottesdienst<br \/>\n<\/b>und Ostereiersuche f\u00fcr Kinder<\/p>\n<p><b>in der Kath. Kirche Zappendorf<\/b><\/p>\n<p>dann ist\u00a0Zeit f\u00fcr Gespr\u00e4che beim Laufen\u00a0(ca. 7 km)<br \/>\ndurch wundersch\u00f6ne Landschaften mit tollen Aussichten<\/p>\n<p>anschlie\u00dfend in D\u00f6lau Ausruhen mit Essen und Trinken<\/p>\n<p>Das R\u00fcckholen von Autos wird organisiert.<\/p>\n<p>&nbsp;<\/p>","excerpt":"","slug":"wanderung-von-zappendorf-nach-doelau","image":{"url":"https:\/\/pfarrei-carl-lampert.de\/wp-content\/uploads\/2026\/03\/2026-Emmausgang.png","id":"15297","extension":"png","width":720,"height":1040,"sizes":{"thumbnail":{"width":150,"height":150,"mime-type":"image\/png","url":"https:\/\/pfarrei-carl-lampert.de\/wp-content\/uploads\/2026\/03\/2026-Emmausgang-150x150.png"},"medium":{"width":208,"height":300,"mime-type":"image\/png","url":"https:\/\/pfarrei-carl-lampert.de\/wp-content\/uploads\/2026\/03\/2026-Emmausgang-208x300.png"},"large":{"width":709,"height":1024,"mime-type":"image\/png","url":"https:\/\/pfarrei-carl-lampert.de\/wp-content\/uploads\/2026\/03\/2026-Emmausgang-709x1024.png"},"tabs-img":{"width":164,"height":124,"mime-type":"image\/png","url":"https:\/\/pfarrei-carl-lampert.de\/wp-content\/uploads\/2026\/03\/2026-Emmausgang-164x124.png"},"blog3_thumb":{"width":420,"height":280,"mime-type":"image\/png","url":"https:\/\/pfarrei-carl-lampert.de\/wp-content\/uploads\/2026\/03\/2026-Emmausgang-420x280.png"},"blog2_thumb":{"width":420,"height":330,"mime-type":"image\/png","url":"https:\/\/pfarrei-carl-lampert.de\/wp-content\/uploads\/2026\/03\/2026-Emmausgang-420x330.png"},"square":{"width":460,"height":460,"mime-type":"image\/png","url":"https:\/\/pfarrei-carl-lampert.de\/wp-content\/uploads\/2026\/03\/2026-Emmausgang-460x460.png"},"sermons-grid":{"width":518,"height":294,"mime-type":"image\/png","url":"https:\/\/pfarrei-carl-lampert.de\/wp-content\/uploads\/2026\/03\/2026-Emmausgang-518x294.png"},"post_img":{"width":670,"height":374,"mime-type":"image\/png","url":"https:\/\/pfarrei-carl-lampert.de\/wp-content\/uploads\/2026\/03\/2026-Emmausgang-670x374.png"},"latest-cover":{"width":690,"height":460,"mime-type":"image\/png","url":"https:\/\/pfarrei-carl-lampert.de\/wp-content\/uploads\/2026\/03\/2026-Emmausgang-690x460.png"},"latestfromblog":{"width":720,"height":388,"mime-type":"image\/png","url":"https:\/\/pfarrei-carl-lampert.de\/wp-content\/uploads\/2026\/03\/2026-Emmausgang-720x388.png"},"event_list":{"width":300,"height":200,"mime-type":"image\/png","url":"https:\/\/pfarrei-carl-lampert.de\/wp-content\/uploads\/2026\/03\/2026-Emmausgang-300x200.png"}}},"all_day":false,"start_date":"2026-04-06 10:30:00","start_date_details":{"year":"2026","month":"04","day":"06","hour":"10","minutes":"30","seconds":"00"},"end_date":"2026-04-06 14:00:00","end_date_details":{"year":"2026","month":"04","day":"06","hour":"14","minutes":"00","seconds":"00"},"utc_start_date":"2026-04-06 08:30:00","utc_start_date_details":{"year":"2026","month":"04","day":"06","hour":"08","minutes":"30","seconds":"00"},"utc_end_date":"2026-04-06 12:00:00","utc_end_date_details":{"year":"2026","month":"04","day":"06","hour":"12","minutes":"00","seconds":"00"},"timezone":"Europe\/Berlin","timezone_abbr":"CEST","cost":"","cost_details":{"currency_symbol":"","currency_position":"prefix","values":[]},"website":"","show_map":false,"show_map_link":false,"hide_from_listings":false,"sticky":false,"featured":false,"categories":[],"tags":[],"venue":{"id":7816,"author":"2","status":"publish","date":"2016-02-29 23:18:41","date_utc":"2016-02-29 22:18:41","modified":"2023-01-16 17:32:14","modified_utc":"2023-01-16 16:32:14","url":"https:\/\/pfarrei-carl-lampert.de\/?tribe_venue=katholische-kirche-zappendorf-2","venue":"Zappendorf, St. Elisabeth","slug":"katholische-kirche-zappendorf-2","address":"Fleischerstr. 12","city":"Zappendorf","zip":"06179","json_ld":{"@type":"Place","name":"Zappendorf, St. Elisabeth","description":"","url":false,"address":{"@type":"PostalAddress","streetAddress":"Fleischerstr. 12","addressLocality":"Zappendorf","postalCode":"06179"},"telephone":"","sameAs":""},"show_map":false,"show_map_link":true,"global_id":"pfarrei-carl-lampert.de?id=7816","global_id_lineage":["pfarrei-carl-lampert.de?id=7816"]},"organizer":[],"json_ld":{"@context":"http:\/\/schema.org","@type":"Event","name":"Wanderung von Zappendorf nach D\u00f6lau","description":"&lt;p&gt;Emmausgang\u00a0von Zappendorf nach D\u00f6lau Ostermontag, 06. April 2026 Beginn mit dem 10:30 Uhr-Gottesdienst und Ostereiersuche f\u00fcr Kinder in der Kath. Kirche Zappendorf dann ist\u00a0Zeit f\u00fcr Gespr\u00e4che beim Laufen\u00a0(ca. 7 km) durch wundersch\u00f6ne Landschaften mit tollen Aussichten anschlie\u00dfend in D\u00f6lau Ausruhen mit Essen und Trinken Das R\u00fcckholen von Autos wird organisiert. &nbsp;&lt;\/p&gt;\\n","image":"https:\/\/pfarrei-carl-lampert.de\/wp-content\/uploads\/2026\/03\/2026-Emmausgang.png","url":"https:\/\/pfarrei-carl-lampert.de\/?tribe_events=wanderung-von-zappendorf-nach-doelau","startDate":"2026-04-06T10:30:00+02:00","endDate":"2026-04-06T14:00:00+02:00","location":{"@type":"Place","name":"Zappendorf, St. Elisabeth","description":"","url":false,"address":{"@type":"PostalAddress","streetAddress":"Fleischerstr. 12","addressLocality":"Zappendorf","postalCode":"06179"},"telephone":"","sameAs":""}}}