{"id":15305,"global_id":"pfarrei-carl-lampert.de?id=15305","global_id_lineage":["pfarrei-carl-lampert.de?id=15305"],"author":"3","status":"publish","date":"2026-03-27 21:46:21","date_utc":"2026-03-27 20:46:21","modified":"2026-03-27 21:46:21","modified_utc":"2026-03-27 20:46:21","url":"https:\/\/pfarrei-carl-lampert.de\/?tribe_events=feier-der-versoehnung","rest_url":"https:\/\/pfarrei-carl-lampert.de\/index.php?rest_route=\/tribe\/events\/v1\/events\/15305","title":"Feier der Vers\u00f6hnung","description":"<p>Vers\u00f6hnungsgottesdienst<br \/>\nMontag, 30.03.2025<\/p>\n<p>19.00 Uhr Heilig Kreuz<\/p>\n<p>Mit der M\u00f6glichkeit das Sakrament der Vers\u00f6hnung zu empfangen.<\/p>\n<p>Im Anschluss sind alle Interessierten in den Saal eingeladen,<br \/>\nsich mit der Liturgie der Kar- &amp; Ostertage auseinanderzusetzen.<\/p>","excerpt":"","slug":"feier-der-versoehnung","image":{"url":"https:\/\/pfarrei-carl-lampert.de\/wp-content\/uploads\/2026\/03\/2026-03-30-Vers\u00f6hnungsandacht.png","id":"15300","extension":"png","width":792,"height":559,"sizes":{"thumbnail":{"width":150,"height":150,"mime-type":"image\/png","url":"https:\/\/pfarrei-carl-lampert.de\/wp-content\/uploads\/2026\/03\/2026-03-30-Vers\u00f6hnungsandacht-150x150.png"},"medium":{"width":300,"height":212,"mime-type":"image\/png","url":"https:\/\/pfarrei-carl-lampert.de\/wp-content\/uploads\/2026\/03\/2026-03-30-Vers\u00f6hnungsandacht-300x212.png"},"medium_large":{"width":768,"height":542,"mime-type":"image\/png","url":"https:\/\/pfarrei-carl-lampert.de\/wp-content\/uploads\/2026\/03\/2026-03-30-Vers\u00f6hnungsandacht-768x542.png"},"tabs-img":{"width":164,"height":124,"mime-type":"image\/png","url":"https:\/\/pfarrei-carl-lampert.de\/wp-content\/uploads\/2026\/03\/2026-03-30-Vers\u00f6hnungsandacht-164x124.png"},"blog3_thumb":{"width":420,"height":280,"mime-type":"image\/png","url":"https:\/\/pfarrei-carl-lampert.de\/wp-content\/uploads\/2026\/03\/2026-03-30-Vers\u00f6hnungsandacht-420x280.png"},"blog2_thumb":{"width":420,"height":330,"mime-type":"image\/png","url":"https:\/\/pfarrei-carl-lampert.de\/wp-content\/uploads\/2026\/03\/2026-03-30-Vers\u00f6hnungsandacht-420x330.png"},"square":{"width":460,"height":460,"mime-type":"image\/png","url":"https:\/\/pfarrei-carl-lampert.de\/wp-content\/uploads\/2026\/03\/2026-03-30-Vers\u00f6hnungsandacht-460x460.png"},"sermons-grid":{"width":518,"height":294,"mime-type":"image\/png","url":"https:\/\/pfarrei-carl-lampert.de\/wp-content\/uploads\/2026\/03\/2026-03-30-Vers\u00f6hnungsandacht-518x294.png"},"post_img":{"width":670,"height":374,"mime-type":"image\/png","url":"https:\/\/pfarrei-carl-lampert.de\/wp-content\/uploads\/2026\/03\/2026-03-30-Vers\u00f6hnungsandacht-670x374.png"},"latest-cover":{"width":690,"height":460,"mime-type":"image\/png","url":"https:\/\/pfarrei-carl-lampert.de\/wp-content\/uploads\/2026\/03\/2026-03-30-Vers\u00f6hnungsandacht-690x460.png"},"latestfromblog":{"width":720,"height":388,"mime-type":"image\/png","url":"https:\/\/pfarrei-carl-lampert.de\/wp-content\/uploads\/2026\/03\/2026-03-30-Vers\u00f6hnungsandacht-720x388.png"},"event_list":{"width":300,"height":200,"mime-type":"image\/png","url":"https:\/\/pfarrei-carl-lampert.de\/wp-content\/uploads\/2026\/03\/2026-03-30-Vers\u00f6hnungsandacht-300x200.png"}}},"all_day":false,"start_date":"2026-03-30 19:00:00","start_date_details":{"year":"2026","month":"03","day":"30","hour":"19","minutes":"00","seconds":"00"},"end_date":"2026-03-30 20:30:00","end_date_details":{"year":"2026","month":"03","day":"30","hour":"20","minutes":"30","seconds":"00"},"utc_start_date":"2026-03-30 17:00:00","utc_start_date_details":{"year":"2026","month":"03","day":"30","hour":"17","minutes":"00","seconds":"00"},"utc_end_date":"2026-03-30 18:30:00","utc_end_date_details":{"year":"2026","month":"03","day":"30","hour":"18","minutes":"30","seconds":"00"},"timezone":"Europe\/Berlin","timezone_abbr":"CEST","cost":"","cost_details":{"currency_symbol":"","currency_position":"prefix","values":[]},"website":"","show_map":false,"show_map_link":false,"hide_from_listings":false,"sticky":false,"featured":false,"categories":[],"tags":[],"venue":{"id":7807,"author":"2","status":"publish","date":"2016-02-29 22:54:05","date_utc":"2016-02-29 21:54:05","modified":"2025-04-19 12:32:25","modified_utc":"2025-04-19 10:32:25","url":"https:\/\/pfarrei-carl-lampert.de\/?tribe_venue=katholische-kirchengemeinde-heilig-kreuz","venue":"Heilig Kreuz","slug":"katholische-kirchengemeinde-heilig-kreuz","address":"G\u00fctchenstra\u00dfe 21","city":"Halle (Saale)","zip":"06108","phone":"0345\/2024321","website":"https:\/\/pfarrei-carl-lampert.de\/","json_ld":{"@type":"Place","name":"Heilig Kreuz","description":"","url":false,"address":{"@type":"PostalAddress","streetAddress":"G\u00fctchenstra\u00dfe 21","addressLocality":"Halle (Saale)","postalCode":"06108"},"telephone":"0345\/2024321","sameAs":"https:\/\/pfarrei-carl-lampert.de\/"},"show_map":false,"show_map_link":true,"global_id":"pfarrei-carl-lampert.de?id=7807","global_id_lineage":["pfarrei-carl-lampert.de?id=7807"]},"organizer":[],"json_ld":{"@context":"http:\/\/schema.org","@type":"Event","name":"Feier der Vers\u00f6hnung","description":"&lt;p&gt;Vers\u00f6hnungsgottesdienst Montag, 30.03.2025 19.00 Uhr Heilig Kreuz Mit der M\u00f6glichkeit das Sakrament der Vers\u00f6hnung zu empfangen. Im Anschluss sind alle Interessierten in den Saal eingeladen, sich mit der Liturgie der Kar- &amp; Ostertage auseinanderzusetzen.&lt;\/p&gt;\\n","image":"https:\/\/pfarrei-carl-lampert.de\/wp-content\/uploads\/2026\/03\/2026-03-30-Vers\u00f6hnungsandacht.png","url":"https:\/\/pfarrei-carl-lampert.de\/?tribe_events=feier-der-versoehnung","startDate":"2026-03-30T19:00:00+02:00","endDate":"2026-03-30T20:30:00+02:00","location":{"@type":"Place","name":"Heilig Kreuz","description":"","url":false,"address":{"@type":"PostalAddress","streetAddress":"G\u00fctchenstra\u00dfe 21","addressLocality":"Halle (Saale)","postalCode":"06108"},"telephone":"0345\/2024321","sameAs":"https:\/\/pfarrei-carl-lampert.de\/"}}}