{"id":15364,"global_id":"pfarrei-carl-lampert.de?id=15364","global_id_lineage":["pfarrei-carl-lampert.de?id=15364"],"author":"3","status":"publish","date":"2026-04-12 12:03:13","date_utc":"2026-04-12 10:03:13","modified":"2026-04-12 12:03:13","modified_utc":"2026-04-12 10:03:13","url":"https:\/\/pfarrei-carl-lampert.de\/?tribe_events=letzter-gottesdienst-kirche-loebejuen","rest_url":"https:\/\/pfarrei-carl-lampert.de\/index.php?rest_route=\/tribe\/events\/v1\/events\/15364","title":"Letzter Gottesdienst Kirche L\u00f6bej\u00fcn","description":"<p>lies &gt;&gt;&gt;\u00a0<a href=\"https:\/\/pfarrei-carl-lampert.de\/?p=15142\">Informationen zur Profanierung der Kirche St. Josef in L\u00f6bej\u00fcn \u2013 Katholische Pfarrei Carl Lampert<\/a><\/p>","excerpt":"","slug":"letzter-gottesdienst-kirche-loebejuen","image":{"url":"https:\/\/pfarrei-carl-lampert.de\/wp-content\/uploads\/2018\/02\/Kirche-L\u00f6bej\u00fcn.jpg","id":"8747","extension":"jpg","width":400,"height":532,"sizes":{"thumbnail":{"width":150,"height":150,"mime-type":"image\/jpeg","url":"https:\/\/pfarrei-carl-lampert.de\/wp-content\/uploads\/2018\/02\/Kirche-L\u00f6bej\u00fcn-150x150.jpg"},"medium":{"width":226,"height":300,"mime-type":"image\/jpeg","url":"https:\/\/pfarrei-carl-lampert.de\/wp-content\/uploads\/2018\/02\/Kirche-L\u00f6bej\u00fcn-226x300.jpg"},"tabs-img":{"width":164,"height":124,"mime-type":"image\/jpeg","url":"https:\/\/pfarrei-carl-lampert.de\/wp-content\/uploads\/2018\/02\/Kirche-L\u00f6bej\u00fcn-164x124.jpg"},"blog3_thumb":{"width":400,"height":280,"mime-type":"image\/jpeg","url":"https:\/\/pfarrei-carl-lampert.de\/wp-content\/uploads\/2018\/02\/Kirche-L\u00f6bej\u00fcn-400x280.jpg"},"blog2_thumb":{"width":400,"height":330,"mime-type":"image\/jpeg","url":"https:\/\/pfarrei-carl-lampert.de\/wp-content\/uploads\/2018\/02\/Kirche-L\u00f6bej\u00fcn-400x330.jpg"},"square":{"width":400,"height":460,"mime-type":"image\/jpeg","url":"https:\/\/pfarrei-carl-lampert.de\/wp-content\/uploads\/2018\/02\/Kirche-L\u00f6bej\u00fcn-400x460.jpg"},"sermons-grid":{"width":400,"height":294,"mime-type":"image\/jpeg","url":"https:\/\/pfarrei-carl-lampert.de\/wp-content\/uploads\/2018\/02\/Kirche-L\u00f6bej\u00fcn-400x294.jpg"},"post_img":{"width":400,"height":374,"mime-type":"image\/jpeg","url":"https:\/\/pfarrei-carl-lampert.de\/wp-content\/uploads\/2018\/02\/Kirche-L\u00f6bej\u00fcn-400x374.jpg"},"latest-cover":{"width":400,"height":460,"mime-type":"image\/jpeg","url":"https:\/\/pfarrei-carl-lampert.de\/wp-content\/uploads\/2018\/02\/Kirche-L\u00f6bej\u00fcn-400x460.jpg"},"latestfromblog":{"width":400,"height":388,"mime-type":"image\/jpeg","url":"https:\/\/pfarrei-carl-lampert.de\/wp-content\/uploads\/2018\/02\/Kirche-L\u00f6bej\u00fcn-400x388.jpg"},"event_list":{"width":300,"height":200,"mime-type":"image\/jpeg","url":"https:\/\/pfarrei-carl-lampert.de\/wp-content\/uploads\/2018\/02\/Kirche-L\u00f6bej\u00fcn-300x200.jpg"}}},"all_day":false,"start_date":"2026-05-01 10:00:00","start_date_details":{"year":"2026","month":"05","day":"01","hour":"10","minutes":"00","seconds":"00"},"end_date":"2026-05-01 12:00:00","end_date_details":{"year":"2026","month":"05","day":"01","hour":"12","minutes":"00","seconds":"00"},"utc_start_date":"2026-05-01 08:00:00","utc_start_date_details":{"year":"2026","month":"05","day":"01","hour":"08","minutes":"00","seconds":"00"},"utc_end_date":"2026-05-01 10:00:00","utc_end_date_details":{"year":"2026","month":"05","day":"01","hour":"10","minutes":"00","seconds":"00"},"timezone":"Europe\/Berlin","timezone_abbr":"CEST","cost":"","cost_details":{"currency_symbol":"","currency_position":"prefix","values":[]},"website":"","show_map":false,"show_map_link":false,"hide_from_listings":false,"sticky":false,"featured":false,"categories":[],"tags":[],"venue":{"id":7810,"author":"2","status":"publish","date":"2016-02-29 22:56:52","date_utc":"2016-02-29 21:56:52","modified":"2023-01-16 17:33:10","modified_utc":"2023-01-16 16:33:10","url":"https:\/\/pfarrei-carl-lampert.de\/?tribe_venue=katholische-kirchengemeinde-st-josef-loebejuen","venue":"L\u00f6bej\u00fcn, St. Josef","slug":"katholische-kirchengemeinde-st-josef-loebejuen","address":"Schachtberg 8","city":"Wettin-L\u00f6bej\u00fcn OT L\u00f6bej\u00fcn","zip":"06193","phone":"034603\/77333","json_ld":{"@type":"Place","name":"L\u00f6bej\u00fcn, St. Josef","description":"","url":false,"address":{"@type":"PostalAddress","streetAddress":"Schachtberg 8","addressLocality":"Wettin-L\u00f6bej\u00fcn OT L\u00f6bej\u00fcn","postalCode":"06193"},"telephone":"034603\/77333","sameAs":""},"show_map":false,"show_map_link":true,"global_id":"pfarrei-carl-lampert.de?id=7810","global_id_lineage":["pfarrei-carl-lampert.de?id=7810"]},"organizer":[],"json_ld":{"@context":"http:\/\/schema.org","@type":"Event","name":"Letzter Gottesdienst Kirche L\u00f6bej\u00fcn","description":"&lt;p&gt;lies &gt;&gt;&gt;\u00a0Informationen zur Profanierung der Kirche St. Josef in L\u00f6bej\u00fcn \u2013 Katholische Pfarrei Carl Lampert&lt;\/p&gt;\\n","image":"https:\/\/pfarrei-carl-lampert.de\/wp-content\/uploads\/2018\/02\/Kirche-L\u00f6bej\u00fcn.jpg","url":"https:\/\/pfarrei-carl-lampert.de\/?tribe_events=letzter-gottesdienst-kirche-loebejuen","startDate":"2026-05-01T10:00:00+02:00","endDate":"2026-05-01T12:00:00+02:00","location":{"@type":"Place","name":"L\u00f6bej\u00fcn, St. Josef","description":"","url":false,"address":{"@type":"PostalAddress","streetAddress":"Schachtberg 8","addressLocality":"Wettin-L\u00f6bej\u00fcn OT L\u00f6bej\u00fcn","postalCode":"06193"},"telephone":"034603\/77333","sameAs":""}}}