{"id":15374,"global_id":"pfarrei-carl-lampert.de?id=15374","global_id_lineage":["pfarrei-carl-lampert.de?id=15374"],"author":"3","status":"publish","date":"2026-04-16 17:45:58","date_utc":"2026-04-16 15:45:58","modified":"2026-04-16 17:46:45","modified_utc":"2026-04-16 15:46:45","url":"https:\/\/pfarrei-carl-lampert.de\/?tribe_events=proben-und-aufnahmezeit-vorbereitung-der-religioesen-kinderwoche-rkw-2027","rest_url":"https:\/\/pfarrei-carl-lampert.de\/index.php?rest_route=\/tribe\/events\/v1\/events\/15374","title":"Proben- und Aufnahmezeit &#8211; Vorbereitung der Religi\u00f6sen Kinderwoche (RKW) 2027","description":"<p><span style=\"color: #000000;\">F\u00fcr die Vorbereitung der Religi\u00f6sen Kinderwoche (RKW) 2027 planen wir eine besondere Proben- und Aufnahmezeit, zu der wir Ihr Kind herzlich einladen m\u00f6chten.<\/span><\/p>\n<p><span style=\"color: #000000;\">In der Zeit vom Dienstag, den 26. bis Samstag, den 30. Mai 2026 <\/span><br \/>\n<span style=\"color: #000000;\">treffen sich singbegeisterte Kinder im Jugendbildungshaus Ro\u00dfbach, <\/span><br \/>\n<span style=\"color: #000000;\">um neue Lieder f\u00fcr die kommende RKW27 kennenzulernen und einzu\u00fcben.<\/span><\/p>\n<p><span style=\"color: #000000;\">Ziel der Woche ist es, diese Lieder gemeinsam aufzunehmen und so die musikalische Grundlage f\u00fcr die RKW 2027 zu gestalten.<\/span><\/p>\n<p><span style=\"color: #000000;\">Die professionelle Tonaufnahme findet am Freitag und Samstag statt. <\/span><br \/>\n<span style=\"color: #000000;\">Dabei werden die Kinder von Kirchenmusikerin Christin Radczinsky und Andreas Blume von ConTakt e. V.\u00a0 begleitet.<\/span><\/p>\n<p><span style=\"color: #000000;\">Neben den musikalischen Proben wird die Woche durch ein p\u00e4dagogisches Rahmenprogramm erg\u00e4nzt. <\/span><br \/>\n<span style=\"color: #000000;\">Dazu geh\u00f6ren gemeinsames Spielen, kreative Angebote sowie Zeiten f\u00fcr Begegnung und Gemeinschaft.<\/span><\/p>\n<p><span style=\"color: #000000;\">Die Teilnahme an der Woche ist <strong>kostenfrei<\/strong>. <\/span><br \/>\n<span style=\"color: #000000;\">Lediglich die <strong>An- und Abreise<\/strong> bitten wir Sie selbst zu organisieren.<\/span><\/p>","excerpt":"","slug":"proben-und-aufnahmezeit-vorbereitung-der-religioesen-kinderwoche-rkw-2027","image":{"url":"https:\/\/pfarrei-carl-lampert.de\/wp-content\/uploads\/2018\/03\/choir-pixabay.jpg","id":"9170","extension":"jpg","width":300,"height":331,"sizes":{"thumbnail":{"width":150,"height":150,"mime-type":"image\/jpeg","url":"https:\/\/pfarrei-carl-lampert.de\/wp-content\/uploads\/2018\/03\/choir-pixabay-150x150.jpg"},"medium":{"width":272,"height":300,"mime-type":"image\/jpeg","url":"https:\/\/pfarrei-carl-lampert.de\/wp-content\/uploads\/2018\/03\/choir-pixabay-272x300.jpg"},"tabs-img":{"width":164,"height":124,"mime-type":"image\/jpeg","url":"https:\/\/pfarrei-carl-lampert.de\/wp-content\/uploads\/2018\/03\/choir-pixabay-164x124.jpg"},"blog3_thumb":{"width":300,"height":280,"mime-type":"image\/jpeg","url":"https:\/\/pfarrei-carl-lampert.de\/wp-content\/uploads\/2018\/03\/choir-pixabay-300x280.jpg"},"blog2_thumb":{"width":300,"height":330,"mime-type":"image\/jpeg","url":"https:\/\/pfarrei-carl-lampert.de\/wp-content\/uploads\/2018\/03\/choir-pixabay-300x330.jpg"},"sermons-grid":{"width":300,"height":294,"mime-type":"image\/jpeg","url":"https:\/\/pfarrei-carl-lampert.de\/wp-content\/uploads\/2018\/03\/choir-pixabay-300x294.jpg"},"event_list":{"width":300,"height":200,"mime-type":"image\/jpeg","url":"https:\/\/pfarrei-carl-lampert.de\/wp-content\/uploads\/2018\/03\/choir-pixabay-300x200.jpg"}}},"all_day":true,"start_date":"2026-05-26 00:00:00","start_date_details":{"year":"2026","month":"05","day":"26","hour":"00","minutes":"00","seconds":"00"},"end_date":"2026-05-30 23:59:59","end_date_details":{"year":"2026","month":"05","day":"30","hour":"23","minutes":"59","seconds":"59"},"utc_start_date":"2026-05-25 22:00:00","utc_start_date_details":{"year":"2026","month":"05","day":"25","hour":"22","minutes":"00","seconds":"00"},"utc_end_date":"2026-05-30 21:59:59","utc_end_date_details":{"year":"2026","month":"05","day":"30","hour":"21","minutes":"59","seconds":"59"},"timezone":"Europe\/Berlin","timezone_abbr":"CEST","cost":"","cost_details":{"currency_symbol":"","currency_position":"prefix","values":[]},"website":"","show_map":false,"show_map_link":false,"hide_from_listings":false,"sticky":false,"featured":false,"categories":[],"tags":[],"venue":{"id":12872,"author":"5","status":"publish","date":"2023-01-16 17:14:41","date_utc":"2023-01-16 16:14:41","modified":"2026-02-10 16:35:48","modified_utc":"2026-02-10 15:35:48","url":"https:\/\/pfarrei-carl-lampert.de\/?tribe_venue=rossbach","venue":"Ro\u00dfbach","slug":"rossbach","address":"Am Leihdenberg 1","city":"Naumburg\/Ro\u00dfbach","country":"Deutschland","zip":"06618","json_ld":{"@type":"Place","name":"Ro\u00dfbach","description":"","url":false,"address":{"@type":"PostalAddress","streetAddress":"Am Leihdenberg 1","addressLocality":"Naumburg\/Ro\u00dfbach","postalCode":"06618","addressCountry":"Deutschland"},"telephone":"","sameAs":""},"show_map":false,"show_map_link":true,"global_id":"pfarrei-carl-lampert.de?id=12872","global_id_lineage":["pfarrei-carl-lampert.de?id=12872"]},"organizer":[],"json_ld":{"@context":"http:\/\/schema.org","@type":"Event","name":"Proben- und Aufnahmezeit &#8211; Vorbereitung der Religi\u00f6sen Kinderwoche (RKW) 2027","description":"&lt;p&gt;F\u00fcr die Vorbereitung der Religi\u00f6sen Kinderwoche (RKW) 2027 planen wir eine besondere Proben- und Aufnahmezeit, zu der wir Ihr Kind herzlich einladen m\u00f6chten. In der Zeit vom Dienstag, den 26. bis Samstag, den 30. Mai 2026 treffen sich singbegeisterte Kinder im Jugendbildungshaus Ro\u00dfbach, um neue Lieder f\u00fcr die kommende RKW27 kennenzulernen und einzu\u00fcben. Ziel der Woche ist es, diese Lieder gemeinsam aufzunehmen und so die musikalische Grundlage f\u00fcr die RKW 2027 zu gestalten. Die professionelle Tonaufnahme findet am Freitag und Samstag statt. Dabei werden die Kinder von Kirchenmusikerin Christin Radczinsky und Andreas Blume von ConTakt e. V.\u00a0 begleitet. Neben den musikalischen Proben wird die Woche durch ein p\u00e4dagogisches Rahmenprogramm erg\u00e4nzt. Dazu geh\u00f6ren gemeinsames Spielen, kreative Angebote sowie Zeiten f\u00fcr Begegnung und Gemeinschaft. Die Teilnahme an der Woche ist kostenfrei. Lediglich die An- und Abreise bitten wir Sie selbst zu organisieren.&lt;\/p&gt;\\n","image":"https:\/\/pfarrei-carl-lampert.de\/wp-content\/uploads\/2018\/03\/choir-pixabay.jpg","url":"https:\/\/pfarrei-carl-lampert.de\/?tribe_events=proben-und-aufnahmezeit-vorbereitung-der-religioesen-kinderwoche-rkw-2027","startDate":"2026-05-26T00:00:00+02:00","endDate":"2026-05-30T23:59:59+02:00","location":{"@type":"Place","name":"Ro\u00dfbach","description":"","url":false,"address":{"@type":"PostalAddress","streetAddress":"Am Leihdenberg 1","addressLocality":"Naumburg\/Ro\u00dfbach","postalCode":"06618","addressCountry":"Deutschland"},"telephone":"","sameAs":""}}}