{"id":15405,"global_id":"pfarrei-carl-lampert.de?id=15405","global_id_lineage":["pfarrei-carl-lampert.de?id=15405"],"author":"3","status":"publish","date":"2026-04-30 11:08:02","date_utc":"2026-04-30 09:08:02","modified":"2026-04-30 11:23:13","modified_utc":"2026-04-30 09:23:13","url":"https:\/\/pfarrei-carl-lampert.de\/?tribe_events=nacht-der-lichter-taize-gebet","rest_url":"https:\/\/pfarrei-carl-lampert.de\/index.php?rest_route=\/tribe\/events\/v1\/events\/15405","title":"Nacht der Lichter &#8211; Taiz\u00e9-Gebet","description":"<p><span style=\"color: #000000;\">Zum Taiz\u00e9-Gebet<\/span><br \/>\n<span style=\"color: #000000;\"> l\u00e4dt die Katholische Studierendengemeinde<\/span><br \/>\n<span style=\"color: #000000;\"> am Mittwoch, 6. Mai in die Moritzkirche ein.<\/span><\/p>\n<p><span style=\"color: #000000;\">Der Gottesdienst beginnt 18:30 Uhr<\/span><br \/>\n<span style=\"color: #000000;\"> und wird von den Studierenden musikalisch begleitet.<\/span><\/p>","excerpt":"","slug":"nacht-der-lichter-taize-gebet","image":{"url":"https:\/\/pfarrei-carl-lampert.de\/wp-content\/uploads\/2020\/06\/Taiz\u00e9-Altarraum.jpg","id":"10811","extension":"jpg","width":1333,"height":1000,"sizes":{"thumbnail":{"width":150,"height":150,"mime-type":"image\/jpeg","url":"https:\/\/pfarrei-carl-lampert.de\/wp-content\/uploads\/2020\/06\/Taiz\u00e9-Altarraum-150x150.jpg"},"medium":{"width":300,"height":225,"mime-type":"image\/jpeg","url":"https:\/\/pfarrei-carl-lampert.de\/wp-content\/uploads\/2020\/06\/Taiz\u00e9-Altarraum-300x225.jpg"},"medium_large":{"width":768,"height":576,"mime-type":"image\/jpeg","url":"https:\/\/pfarrei-carl-lampert.de\/wp-content\/uploads\/2020\/06\/Taiz\u00e9-Altarraum-768x576.jpg"},"large":{"width":1024,"height":768,"mime-type":"image\/jpeg","url":"https:\/\/pfarrei-carl-lampert.de\/wp-content\/uploads\/2020\/06\/Taiz\u00e9-Altarraum-1024x768.jpg"},"tabs-img":{"width":164,"height":124,"mime-type":"image\/jpeg","url":"https:\/\/pfarrei-carl-lampert.de\/wp-content\/uploads\/2020\/06\/Taiz\u00e9-Altarraum-164x124.jpg"},"blog3_thumb":{"width":420,"height":280,"mime-type":"image\/jpeg","url":"https:\/\/pfarrei-carl-lampert.de\/wp-content\/uploads\/2020\/06\/Taiz\u00e9-Altarraum-420x280.jpg"},"blog2_thumb":{"width":420,"height":330,"mime-type":"image\/jpeg","url":"https:\/\/pfarrei-carl-lampert.de\/wp-content\/uploads\/2020\/06\/Taiz\u00e9-Altarraum-420x330.jpg"},"square":{"width":460,"height":460,"mime-type":"image\/jpeg","url":"https:\/\/pfarrei-carl-lampert.de\/wp-content\/uploads\/2020\/06\/Taiz\u00e9-Altarraum-460x460.jpg"},"sermons-grid":{"width":518,"height":294,"mime-type":"image\/jpeg","url":"https:\/\/pfarrei-carl-lampert.de\/wp-content\/uploads\/2020\/06\/Taiz\u00e9-Altarraum-518x294.jpg"},"post_img":{"width":670,"height":374,"mime-type":"image\/jpeg","url":"https:\/\/pfarrei-carl-lampert.de\/wp-content\/uploads\/2020\/06\/Taiz\u00e9-Altarraum-670x374.jpg"},"latest-cover":{"width":690,"height":460,"mime-type":"image\/jpeg","url":"https:\/\/pfarrei-carl-lampert.de\/wp-content\/uploads\/2020\/06\/Taiz\u00e9-Altarraum-690x460.jpg"},"latestfromblog":{"width":720,"height":388,"mime-type":"image\/jpeg","url":"https:\/\/pfarrei-carl-lampert.de\/wp-content\/uploads\/2020\/06\/Taiz\u00e9-Altarraum-720x388.jpg"},"event_list":{"width":300,"height":200,"mime-type":"image\/jpeg","url":"https:\/\/pfarrei-carl-lampert.de\/wp-content\/uploads\/2020\/06\/Taiz\u00e9-Altarraum-300x200.jpg"}}},"all_day":false,"start_date":"2026-05-06 18:30:00","start_date_details":{"year":"2026","month":"05","day":"06","hour":"18","minutes":"30","seconds":"00"},"end_date":"2026-05-06 20:00:00","end_date_details":{"year":"2026","month":"05","day":"06","hour":"20","minutes":"00","seconds":"00"},"utc_start_date":"2026-05-06 16:30:00","utc_start_date_details":{"year":"2026","month":"05","day":"06","hour":"16","minutes":"30","seconds":"00"},"utc_end_date":"2026-05-06 18:00:00","utc_end_date_details":{"year":"2026","month":"05","day":"06","hour":"18","minutes":"00","seconds":"00"},"timezone":"Europe\/Berlin","timezone_abbr":"CEST","cost":"","cost_details":{"currency_symbol":"","currency_position":"prefix","values":[]},"website":"","show_map":false,"show_map_link":false,"hide_from_listings":false,"sticky":false,"featured":false,"categories":[],"tags":[],"venue":{"id":14141,"author":"3","status":"publish","date":"2024-11-02 11:29:00","date_utc":"2024-11-02 10:29:00","modified":"2024-11-02 11:29:00","modified_utc":"2024-11-02 10:29:00","url":"https:\/\/pfarrei-carl-lampert.de\/?tribe_venue=moritzkirche-3","venue":"Moritzkirche","slug":"moritzkirche-3","address":"An der Moritzkirche 9","city":"Halle (Saale)","zip":"06108","json_ld":{"@type":"Place","name":"Moritzkirche","description":"","url":false,"address":{"@type":"PostalAddress","streetAddress":"An der Moritzkirche 9","addressLocality":"Halle (Saale)","postalCode":"06108"},"telephone":"","sameAs":""},"show_map":true,"show_map_link":true,"global_id":"pfarrei-carl-lampert.de?id=14141","global_id_lineage":["pfarrei-carl-lampert.de?id=14141"]},"organizer":[],"json_ld":{"@context":"http:\/\/schema.org","@type":"Event","name":"Nacht der Lichter &#8211; Taiz\u00e9-Gebet","description":"&lt;p&gt;Zum Taiz\u00e9-Gebet l\u00e4dt die Katholische Studierendengemeinde am Mittwoch, 6. Mai in die Moritzkirche ein. Der Gottesdienst beginnt 18:30 Uhr und wird von den Studierenden musikalisch begleitet.&lt;\/p&gt;\\n","image":"https:\/\/pfarrei-carl-lampert.de\/wp-content\/uploads\/2020\/06\/Taiz\u00e9-Altarraum.jpg","url":"https:\/\/pfarrei-carl-lampert.de\/?tribe_events=nacht-der-lichter-taize-gebet","startDate":"2026-05-06T18:30:00+02:00","endDate":"2026-05-06T20:00:00+02:00","location":{"@type":"Place","name":"Moritzkirche","description":"","url":false,"address":{"@type":"PostalAddress","streetAddress":"An der Moritzkirche 9","addressLocality":"Halle (Saale)","postalCode":"06108"},"telephone":"","sameAs":""}}}